{"id":1432,"date":"2025-12-14T02:25:35","date_gmt":"2025-12-14T01:25:35","guid":{"rendered":"https:\/\/ocdsavila2026.com\/contemplatives-in-a-hurry\/"},"modified":"2025-12-15T01:28:31","modified_gmt":"2025-12-15T00:28:31","slug":"contemplatives-in-a-hurry","status":"publish","type":"post","link":"https:\/\/ocdsavila2026.com\/en\/contemplatives-in-a-hurry\/","title":{"rendered":"Jubilee Year of Saint John of the Cross"},"content":{"rendered":"\n<div class=\"wp-block-media-text is-stacked-on-mobile\" style=\"grid-template-columns:33% auto\"><figure class=\"wp-block-media-text__media\"><img decoding=\"async\" src=\"https:\/\/ocdsavila2026.com\/wp-content\/uploads\/2025\/08\/Cartel-Centenarios-Sanjuanistas-659x1024-1.jpg\" alt=\"\" class=\"wp-image-3310 size-full\"\/><\/figure><div class=\"wp-block-media-text__content\">\n<p class=\"has-text-color has-link-color wp-elements-1 wp-block-paragraph\" style=\"color:#064f7a;font-style:normal;font-weight:700\">The Order of the Discalced Carmelites is preparing to commemorate, beginning next December, the \u201cSanjuanist Centenaries: the third centenary of the canonization of Saint John of the Cross (1726) and the first centenary of his declaration as Doctor of the Church (1926).\u201d<\/p>\n\n\n\n<p class=\"has-vivid-red-color has-text-color has-link-color has-medium-font-size wp-elements-2 wp-block-paragraph\" style=\"font-style:normal;font-weight:700\"><strong>Jubilee Year<\/strong><\/p>\n\n\n\n<p class=\"has-text-color has-link-color wp-elements-3 wp-block-paragraph\" style=\"color:#064f7a;font-style:normal;font-weight:700\">It will be a Jubilee Year filled with memory, spirituality, and culture, in which the Christian people and society will be able to rediscover the contemporary relevance of a mystic who continues to be a \u201cbeacon for believers,\u201d poets, and seekers of meaning, explain members of the Order of Discalced Carmelites.<\/p>\n\n\n\n<p class=\"has-text-color has-link-color wp-elements-4 wp-block-paragraph\" style=\"color:#064f7a;font-style:normal;font-weight:700\">The solemn opening of the Sanjuanist Jubilee Year will take place on Saturday, December 13, 2025, in the Church\u2013Tomb of Saint John of the Cross of the Discalced Carmelites in Segovia, where his remains rest. The closing will be celebrated on Saturday, December 26, 2026, in the city of \u00dabeda, where the saint gave his life and where a living memory of his death is preserved.<\/p>\n<\/div><\/div>\n\n\n\n<p class=\"has-text-color has-link-color wp-elements-5 wp-block-paragraph\" style=\"color:#064f7a;font-style:normal;font-weight:700\">To encourage the participation of the faithful and pilgrims, the following have been designated as jubilee churches:<\/p>\n\n\n\n<p class=\"has-text-color has-link-color wp-elements-6 wp-block-paragraph\" style=\"color:#064f7a;font-style:normal;font-weight:700\"><strong>Diocese of Segovia:<\/strong> Church of the Discalced Carmelites in Segovia, where the Tomb of the saint is located.<\/p>\n\n\n\n<p class=\"has-text-color has-link-color wp-elements-7 wp-block-paragraph\" style=\"color:#064f7a;font-style:normal;font-weight:700\"><strong>Diocese of \u00c1vila:<\/strong> Parish of Saint Cyprian in Fontiveros (birthplace of Saint John of the Cross), Basilica of Saint Teresa of Jesus in \u00c1vila, and the conventual church of the Discalced Carmelite nuns of Duruelo (Blascomill\u00e1n).<\/p>\n\n\n\n<p class=\"has-text-color has-link-color wp-elements-8 wp-block-paragraph\" style=\"color:#064f7a;font-style:normal;font-weight:700\"><strong>Diocese of Ja\u00e9n:<\/strong> Church\u2013oratory of the convent of the Discalced Carmelites of \u00dabeda.<\/p>\n\n\n\n<p class=\"has-vivid-red-color has-text-color has-link-color has-medium-font-size wp-elements-9 wp-block-paragraph\" style=\"font-style:normal;font-weight:700\"><strong>\u201cHope attains as much as it hopes for\u201d<\/strong><\/p>\n\n\n\n<p class=\"has-text-color has-link-color wp-elements-10 wp-block-paragraph\" style=\"color:#064f7a;font-style:normal;font-weight:700\">The motto chosen to accompany this event is \u201cHope attains as much as it hopes for.\u201d The phrase, taken from one of the most intense poems of Saint John of the Cross, was selected through a consultation of the religious of the Iberian Province, with a wide majority of votes, at the proposal of Fr. Maximiliano Herr\u00e1ez, OCD. It expresses the depth of Christian hope according to the saint: not as a passive attitude, but as a trusting and bold path toward God, in which the soul receives in proportion to how much it opens itself with desire and confidence.<\/p>\n\n\n\n<p class=\"has-text-color has-link-color wp-elements-11 wp-block-paragraph\" style=\"color:#064f7a;font-style:normal;font-weight:700\">The motto takes on a special meaning at this time, as it establishes a spiritual bridge between the Jubilee Year of Hope, which is about to conclude, and the new jubilee period that is now beginning.<\/p>\n\n\n\n<p class=\"has-text-color has-link-color wp-elements-12 wp-block-paragraph\" style=\"color:#064f7a;font-style:normal;font-weight:700\">In this way, Carmel wishes to offer the Church and the world a word of encouragement and confidence in the midst of a time marked by uncertainty and weariness.<\/p>\n\n\n\n<p class=\"has-text-color has-link-color wp-elements-13 wp-block-paragraph\" style=\"color:#064f7a;font-style:normal;font-weight:700\">The first major image of these centenaries is the official poster, the work of Manuel Garc\u00eda Villaca\u00f1as, a painter from \u00dabeda. It depicts Saint John of the Cross from the waist up, wearing the complete habit in a serene and recollected pose. The face, rendered with precision, conveys humanity and closeness, reminding us that the saints were people of flesh and blood who reached fullness in their relationship with God.<\/p>\n\n\n\n<p class=\"has-text-color has-link-color wp-elements-14 wp-block-paragraph\" style=\"color:#064f7a;font-style:normal;font-weight:700\">Along with the motto and the poster, the official logo of the Centenaries has also been presented. With a sober and contemporary design, it frames the silhouette of the saint with circular typography that recalls the two anniversaries: 300 years since canonization and 100 years as Doctor of the Church.<\/p>\n\n\n\n<p class=\"has-text-color has-link-color wp-elements-15 wp-block-paragraph\" style=\"color:#064f7a;font-style:normal;font-weight:700\">Its simple and elegant design allows for easy visual identification and will be the reference image for all the celebrations, publications, and activities that will take place throughout this jubilee.<\/p>\n\n\n\n<p class=\"has-text-color has-link-color wp-elements-16 wp-block-paragraph\" style=\"color:#064f7a;font-style:normal;font-weight:700\">With these symbols now presented, the Order of Carmel invites everyone to take part in a year of grace in which the canonization of Saint John of the Cross by Pope Benedict XIII in 1726 and his proclamation as Doctor of the Church by Pius XI in 1926 will be commemorated.<\/p>\n\n\n\n<p class=\"has-text-color has-link-color wp-elements-17 wp-block-paragraph\" style=\"color:#064f7a;font-style:normal;font-weight:700\">Throughout these months, liturgical celebrations, academic conferences, publications, and cultural activities will be organized to bring the richness of his figure to the wider public.<\/p>\n\n\n\n<p class=\"has-text-color has-link-color wp-elements-18 wp-block-paragraph\" style=\"color:#064f7a;font-style:normal;font-weight:700\">The Sanjuanist Centenaries aim to be, at one and the same time, grateful remembrance and a call to the present: to recover the voice of the Mystical Doctor as a teacher of hope, a poet of love, and a witness to a path that, five centuries later, remains timely and necessary.<\/p>\n\n\n\n<div class=\"wp-block-media-text is-stacked-on-mobile\" style=\"grid-template-columns:26% auto\"><figure class=\"wp-block-media-text__media\"><img decoding=\"async\" src=\"https:\/\/ocdsavila2026.com\/wp-content\/uploads\/2025\/08\/logotipo-CENTENARIO-SJ-bn-1-768x945-1.png\" alt=\"\" class=\"wp-image-3311 size-full\"\/><\/figure><div class=\"wp-block-media-text__content\">\n<p class=\"has-vivid-red-color has-text-color has-link-color has-medium-font-size wp-elements-19 wp-block-paragraph\"><strong>Conditions for Gaining the Jubilee<\/strong><\/p>\n\n\n\n<p class=\"has-text-color has-background has-link-color wp-elements-20 wp-block-paragraph\" style=\"color:#064f7a;background-color:#eaddbf;font-style:normal;font-weight:700\">To obtain the Jubilee indulgence, the faithful must fulfill certain specific conditions when visiting a jubilee church:<\/p>\n\n\n\n<p class=\"has-text-color has-background has-link-color wp-elements-21 wp-block-paragraph\" style=\"color:#064f7a;background-color:#eaddbf;font-style:normal;font-weight:700\"><strong>Confession:<\/strong> Sacramental confession must be made individually and integrally, without omitting any sin (within eight days before or after visiting the jubilee church).<\/p>\n\n\n\n<p class=\"has-text-color has-background has-link-color wp-elements-22 wp-block-paragraph\" style=\"color:#064f7a;background-color:#eaddbf;font-style:normal;font-weight:700\"><strong>Eucharistic Communion:<\/strong> The faithful must receive the Eucharist.<\/p>\n\n\n\n<p class=\"has-text-color has-background has-link-color wp-elements-23 wp-block-paragraph\" style=\"color:#064f7a;background-color:#eaddbf;font-style:normal;font-weight:700\"><strong>Prayer for the Pope:<\/strong> Pray the Our Father, Hail Mary, and Glory Be, asking in a special way for the intentions of the Pope.<\/p>\n\n\n\n<p class=\"has-text-color has-background has-link-color wp-elements-24 wp-block-paragraph\" style=\"color:#064f7a;background-color:#eaddbf;font-style:normal;font-weight:700\"><strong>Detachment from all sin:<\/strong> It is necessary that the faithful exclude all attachment to sin, even venial sin.<\/p>\n<\/div><\/div>\n\n\n\n<p class=\"has-text-color has-link-color wp-elements-25 wp-block-paragraph\" style=\"color:#064f7a\"><\/p>\n","protected":false},"excerpt":{"rendered":"<p>The Order of the Discalced Carmelites is preparing to commemorate, beginning next December, the \u201cSanjuanist Centenaries: the third centenary of the canonization of Saint John of the Cross (1726) and the first centenary of his declaration as Doctor of the Church (1926).\u201d Jubilee Year It will be a Jubilee Year filled with memory, spirituality, and [&hellip;]<\/p>\n","protected":false},"author":1,"featured_media":3312,"comment_status":"closed","ping_status":"closed","sticky":false,"template":"","format":"standard","meta":{"footnotes":""},"categories":[130],"tags":[],"class_list":["post-1432","post","type-post","status-publish","format-standard","has-post-thumbnail","hentry","category-papers"],"yoast_head":"<!-- This site is optimized with the Yoast SEO plugin v28.4 - https:\/\/yoast.com\/product\/yoast-seo-wordpress\/ -->\n<title>Jubilee Year of Saint John of the Cross - OCDS 2026<\/title>\n<meta name=\"robots\" content=\"index, follow, max-snippet:-1, max-image-preview:large, max-video-preview:-1\" \/>\n<link rel=\"canonical\" href=\"https:\/\/ocdsavila2026.com\/en\/contemplatives-in-a-hurry\/\" \/>\n<meta property=\"og:locale\" content=\"en_US\" \/>\n<meta property=\"og:type\" content=\"article\" \/>\n<meta property=\"og:title\" content=\"Jubilee Year of Saint John of the Cross - OCDS 2026\" \/>\n<meta property=\"og:description\" content=\"The Order of the Discalced Carmelites is preparing to commemorate, beginning next December, the \u201cSanjuanist Centenaries: the third centenary of the canonization of Saint John of the Cross (1726) and the first centenary of his declaration as Doctor of the Church (1926).\u201d Jubilee Year It will be a Jubilee Year filled with memory, spirituality, and [&hellip;]\" \/>\n<meta property=\"og:url\" content=\"https:\/\/ocdsavila2026.com\/en\/contemplatives-in-a-hurry\/\" \/>\n<meta property=\"og:site_name\" content=\"OCDS 2026\" \/>\n<meta property=\"article:published_time\" content=\"2025-12-14T01:25:35+00:00\" \/>\n<meta property=\"article:modified_time\" content=\"2025-12-15T00:28:31+00:00\" \/>\n<meta property=\"og:image\" content=\"https:\/\/ocdsavila2026.com\/wp-content\/uploads\/2025\/12\/santo-padre2.jpg\" \/>\n\t<meta property=\"og:image:width\" content=\"1280\" \/>\n\t<meta property=\"og:image:height\" content=\"800\" \/>\n\t<meta property=\"og:image:type\" content=\"image\/jpeg\" \/>\n<meta name=\"author\" content=\"admin\" \/>\n<meta name=\"twitter:card\" content=\"summary_large_image\" \/>\n<meta name=\"twitter:label1\" content=\"Written by\" \/>\n\t<meta name=\"twitter:data1\" content=\"admin\" \/>\n\t<meta name=\"twitter:label2\" content=\"Est. reading time\" \/>\n\t<meta name=\"twitter:data2\" content=\"4 minutes\" \/>\n<script type=\"application\/ld+json\" class=\"yoast-schema-graph\">{\"@context\":\"https:\\\/\\\/schema.org\",\"@graph\":[{\"@type\":\"Article\",\"@id\":\"https:\\\/\\\/ocdsavila2026.com\\\/en\\\/contemplatives-in-a-hurry\\\/#article\",\"isPartOf\":{\"@id\":\"https:\\\/\\\/ocdsavila2026.com\\\/en\\\/contemplatives-in-a-hurry\\\/\"},\"author\":{\"name\":\"admin\",\"@id\":\"https:\\\/\\\/ocdsavila2026.com\\\/en\\\/#\\\/schema\\\/person\\\/93304ebced607cf69b78a116a3513457\"},\"headline\":\"Jubilee Year of Saint John of the Cross\",\"datePublished\":\"2025-12-14T01:25:35+00:00\",\"dateModified\":\"2025-12-15T00:28:31+00:00\",\"mainEntityOfPage\":{\"@id\":\"https:\\\/\\\/ocdsavila2026.com\\\/en\\\/contemplatives-in-a-hurry\\\/\"},\"wordCount\":795,\"publisher\":{\"@id\":\"https:\\\/\\\/ocdsavila2026.com\\\/en\\\/#organization\"},\"image\":{\"@id\":\"https:\\\/\\\/ocdsavila2026.com\\\/en\\\/contemplatives-in-a-hurry\\\/#primaryimage\"},\"thumbnailUrl\":\"https:\\\/\\\/ocdsavila2026.com\\\/wp-content\\\/uploads\\\/2025\\\/12\\\/santo-padre2.jpg\",\"articleSection\":[\"Papers\"],\"inLanguage\":\"en-US\"},{\"@type\":\"WebPage\",\"@id\":\"https:\\\/\\\/ocdsavila2026.com\\\/en\\\/contemplatives-in-a-hurry\\\/\",\"url\":\"https:\\\/\\\/ocdsavila2026.com\\\/en\\\/contemplatives-in-a-hurry\\\/\",\"name\":\"Jubilee Year of Saint John of the Cross - OCDS 2026\",\"isPartOf\":{\"@id\":\"https:\\\/\\\/ocdsavila2026.com\\\/en\\\/#website\"},\"primaryImageOfPage\":{\"@id\":\"https:\\\/\\\/ocdsavila2026.com\\\/en\\\/contemplatives-in-a-hurry\\\/#primaryimage\"},\"image\":{\"@id\":\"https:\\\/\\\/ocdsavila2026.com\\\/en\\\/contemplatives-in-a-hurry\\\/#primaryimage\"},\"thumbnailUrl\":\"https:\\\/\\\/ocdsavila2026.com\\\/wp-content\\\/uploads\\\/2025\\\/12\\\/santo-padre2.jpg\",\"datePublished\":\"2025-12-14T01:25:35+00:00\",\"dateModified\":\"2025-12-15T00:28:31+00:00\",\"breadcrumb\":{\"@id\":\"https:\\\/\\\/ocdsavila2026.com\\\/en\\\/contemplatives-in-a-hurry\\\/#breadcrumb\"},\"inLanguage\":\"en-US\",\"potentialAction\":[{\"@type\":\"ReadAction\",\"target\":[\"https:\\\/\\\/ocdsavila2026.com\\\/en\\\/contemplatives-in-a-hurry\\\/\"]}]},{\"@type\":\"ImageObject\",\"inLanguage\":\"en-US\",\"@id\":\"https:\\\/\\\/ocdsavila2026.com\\\/en\\\/contemplatives-in-a-hurry\\\/#primaryimage\",\"url\":\"https:\\\/\\\/ocdsavila2026.com\\\/wp-content\\\/uploads\\\/2025\\\/12\\\/santo-padre2.jpg\",\"contentUrl\":\"https:\\\/\\\/ocdsavila2026.com\\\/wp-content\\\/uploads\\\/2025\\\/12\\\/santo-padre2.jpg\",\"width\":1280,\"height\":800},{\"@type\":\"BreadcrumbList\",\"@id\":\"https:\\\/\\\/ocdsavila2026.com\\\/en\\\/contemplatives-in-a-hurry\\\/#breadcrumb\",\"itemListElement\":[{\"@type\":\"ListItem\",\"position\":1,\"name\":\"Portada\",\"item\":\"https:\\\/\\\/ocdsavila2026.com\\\/en\\\/\"},{\"@type\":\"ListItem\",\"position\":2,\"name\":\"Jubilee Year of Saint John of the Cross\"}]},{\"@type\":\"WebSite\",\"@id\":\"https:\\\/\\\/ocdsavila2026.com\\\/en\\\/#website\",\"url\":\"https:\\\/\\\/ocdsavila2026.com\\\/en\\\/\",\"name\":\"OCDS 2026\",\"description\":\"Encuentro Mundial OCDS 2026\",\"publisher\":{\"@id\":\"https:\\\/\\\/ocdsavila2026.com\\\/en\\\/#organization\"},\"potentialAction\":[{\"@type\":\"SearchAction\",\"target\":{\"@type\":\"EntryPoint\",\"urlTemplate\":\"https:\\\/\\\/ocdsavila2026.com\\\/en\\\/?s={search_term_string}\"},\"query-input\":{\"@type\":\"PropertyValueSpecification\",\"valueRequired\":true,\"valueName\":\"search_term_string\"}}],\"inLanguage\":\"en-US\"},{\"@type\":\"Organization\",\"@id\":\"https:\\\/\\\/ocdsavila2026.com\\\/en\\\/#organization\",\"name\":\"Carmelitas descalzos\",\"url\":\"https:\\\/\\\/ocdsavila2026.com\\\/en\\\/\",\"logo\":{\"@type\":\"ImageObject\",\"inLanguage\":\"en-US\",\"@id\":\"https:\\\/\\\/ocdsavila2026.com\\\/en\\\/#\\\/schema\\\/logo\\\/image\\\/\",\"url\":\"https:\\\/\\\/ocdsavila2026.com\\\/wp-content\\\/uploads\\\/2026\\\/01\\\/logoiberica-scaled-1.png\",\"contentUrl\":\"https:\\\/\\\/ocdsavila2026.com\\\/wp-content\\\/uploads\\\/2026\\\/01\\\/logoiberica-scaled-1.png\",\"width\":2560,\"height\":2560,\"caption\":\"Carmelitas descalzos\"},\"image\":{\"@id\":\"https:\\\/\\\/ocdsavila2026.com\\\/en\\\/#\\\/schema\\\/logo\\\/image\\\/\"}},{\"@type\":\"Person\",\"@id\":\"https:\\\/\\\/ocdsavila2026.com\\\/en\\\/#\\\/schema\\\/person\\\/93304ebced607cf69b78a116a3513457\",\"name\":\"admin\",\"image\":{\"@type\":\"ImageObject\",\"inLanguage\":\"en-US\",\"@id\":\"https:\\\/\\\/secure.gravatar.com\\\/avatar\\\/948b492cce32b586ac2db0eaa926ee87024f7afe218d73b397ea5ddfc5f43ea1?s=96&d=mm&r=g\",\"url\":\"https:\\\/\\\/secure.gravatar.com\\\/avatar\\\/948b492cce32b586ac2db0eaa926ee87024f7afe218d73b397ea5ddfc5f43ea1?s=96&d=mm&r=g\",\"contentUrl\":\"https:\\\/\\\/secure.gravatar.com\\\/avatar\\\/948b492cce32b586ac2db0eaa926ee87024f7afe218d73b397ea5ddfc5f43ea1?s=96&d=mm&r=g\",\"caption\":\"admin\"},\"sameAs\":[\"https:\\\/\\\/ocdsavila2026.com\"],\"url\":\"https:\\\/\\\/ocdsavila2026.com\\\/en\\\/author\\\/sjdigital\\\/\"}]}<\/script>\n<!-- \/ Yoast SEO plugin. -->","yoast_head_json":{"title":"Jubilee Year of Saint John of the Cross - OCDS 2026","robots":{"index":"index","follow":"follow","max-snippet":"max-snippet:-1","max-image-preview":"max-image-preview:large","max-video-preview":"max-video-preview:-1"},"canonical":"https:\/\/ocdsavila2026.com\/en\/contemplatives-in-a-hurry\/","og_locale":"en_US","og_type":"article","og_title":"Jubilee Year of Saint John of the Cross - OCDS 2026","og_description":"The Order of the Discalced Carmelites is preparing to commemorate, beginning next December, the \u201cSanjuanist Centenaries: the third centenary of the canonization of Saint John of the Cross (1726) and the first centenary of his declaration as Doctor of the Church (1926).\u201d Jubilee Year It will be a Jubilee Year filled with memory, spirituality, and [&hellip;]","og_url":"https:\/\/ocdsavila2026.com\/en\/contemplatives-in-a-hurry\/","og_site_name":"OCDS 2026","article_published_time":"2025-12-14T01:25:35+00:00","article_modified_time":"2025-12-15T00:28:31+00:00","og_image":[{"width":1280,"height":800,"url":"https:\/\/ocdsavila2026.com\/wp-content\/uploads\/2025\/12\/santo-padre2.jpg","type":"image\/jpeg"}],"author":"admin","twitter_card":"summary_large_image","twitter_misc":{"Written by":"admin","Est. reading time":"4 minutes"},"schema":{"@context":"https:\/\/schema.org","@graph":[{"@type":"Article","@id":"https:\/\/ocdsavila2026.com\/en\/contemplatives-in-a-hurry\/#article","isPartOf":{"@id":"https:\/\/ocdsavila2026.com\/en\/contemplatives-in-a-hurry\/"},"author":{"name":"admin","@id":"https:\/\/ocdsavila2026.com\/en\/#\/schema\/person\/93304ebced607cf69b78a116a3513457"},"headline":"Jubilee Year of Saint John of the Cross","datePublished":"2025-12-14T01:25:35+00:00","dateModified":"2025-12-15T00:28:31+00:00","mainEntityOfPage":{"@id":"https:\/\/ocdsavila2026.com\/en\/contemplatives-in-a-hurry\/"},"wordCount":795,"publisher":{"@id":"https:\/\/ocdsavila2026.com\/en\/#organization"},"image":{"@id":"https:\/\/ocdsavila2026.com\/en\/contemplatives-in-a-hurry\/#primaryimage"},"thumbnailUrl":"https:\/\/ocdsavila2026.com\/wp-content\/uploads\/2025\/12\/santo-padre2.jpg","articleSection":["Papers"],"inLanguage":"en-US"},{"@type":"WebPage","@id":"https:\/\/ocdsavila2026.com\/en\/contemplatives-in-a-hurry\/","url":"https:\/\/ocdsavila2026.com\/en\/contemplatives-in-a-hurry\/","name":"Jubilee Year of Saint John of the Cross - OCDS 2026","isPartOf":{"@id":"https:\/\/ocdsavila2026.com\/en\/#website"},"primaryImageOfPage":{"@id":"https:\/\/ocdsavila2026.com\/en\/contemplatives-in-a-hurry\/#primaryimage"},"image":{"@id":"https:\/\/ocdsavila2026.com\/en\/contemplatives-in-a-hurry\/#primaryimage"},"thumbnailUrl":"https:\/\/ocdsavila2026.com\/wp-content\/uploads\/2025\/12\/santo-padre2.jpg","datePublished":"2025-12-14T01:25:35+00:00","dateModified":"2025-12-15T00:28:31+00:00","breadcrumb":{"@id":"https:\/\/ocdsavila2026.com\/en\/contemplatives-in-a-hurry\/#breadcrumb"},"inLanguage":"en-US","potentialAction":[{"@type":"ReadAction","target":["https:\/\/ocdsavila2026.com\/en\/contemplatives-in-a-hurry\/"]}]},{"@type":"ImageObject","inLanguage":"en-US","@id":"https:\/\/ocdsavila2026.com\/en\/contemplatives-in-a-hurry\/#primaryimage","url":"https:\/\/ocdsavila2026.com\/wp-content\/uploads\/2025\/12\/santo-padre2.jpg","contentUrl":"https:\/\/ocdsavila2026.com\/wp-content\/uploads\/2025\/12\/santo-padre2.jpg","width":1280,"height":800},{"@type":"BreadcrumbList","@id":"https:\/\/ocdsavila2026.com\/en\/contemplatives-in-a-hurry\/#breadcrumb","itemListElement":[{"@type":"ListItem","position":1,"name":"Portada","item":"https:\/\/ocdsavila2026.com\/en\/"},{"@type":"ListItem","position":2,"name":"Jubilee Year of Saint John of the Cross"}]},{"@type":"WebSite","@id":"https:\/\/ocdsavila2026.com\/en\/#website","url":"https:\/\/ocdsavila2026.com\/en\/","name":"OCDS 2026","description":"Encuentro Mundial OCDS 2026","publisher":{"@id":"https:\/\/ocdsavila2026.com\/en\/#organization"},"potentialAction":[{"@type":"SearchAction","target":{"@type":"EntryPoint","urlTemplate":"https:\/\/ocdsavila2026.com\/en\/?s={search_term_string}"},"query-input":{"@type":"PropertyValueSpecification","valueRequired":true,"valueName":"search_term_string"}}],"inLanguage":"en-US"},{"@type":"Organization","@id":"https:\/\/ocdsavila2026.com\/en\/#organization","name":"Carmelitas descalzos","url":"https:\/\/ocdsavila2026.com\/en\/","logo":{"@type":"ImageObject","inLanguage":"en-US","@id":"https:\/\/ocdsavila2026.com\/en\/#\/schema\/logo\/image\/","url":"https:\/\/ocdsavila2026.com\/wp-content\/uploads\/2026\/01\/logoiberica-scaled-1.png","contentUrl":"https:\/\/ocdsavila2026.com\/wp-content\/uploads\/2026\/01\/logoiberica-scaled-1.png","width":2560,"height":2560,"caption":"Carmelitas descalzos"},"image":{"@id":"https:\/\/ocdsavila2026.com\/en\/#\/schema\/logo\/image\/"}},{"@type":"Person","@id":"https:\/\/ocdsavila2026.com\/en\/#\/schema\/person\/93304ebced607cf69b78a116a3513457","name":"admin","image":{"@type":"ImageObject","inLanguage":"en-US","@id":"https:\/\/secure.gravatar.com\/avatar\/948b492cce32b586ac2db0eaa926ee87024f7afe218d73b397ea5ddfc5f43ea1?s=96&d=mm&r=g","url":"https:\/\/secure.gravatar.com\/avatar\/948b492cce32b586ac2db0eaa926ee87024f7afe218d73b397ea5ddfc5f43ea1?s=96&d=mm&r=g","contentUrl":"https:\/\/secure.gravatar.com\/avatar\/948b492cce32b586ac2db0eaa926ee87024f7afe218d73b397ea5ddfc5f43ea1?s=96&d=mm&r=g","caption":"admin"},"sameAs":["https:\/\/ocdsavila2026.com"],"url":"https:\/\/ocdsavila2026.com\/en\/author\/sjdigital\/"}]}},"_links":{"self":[{"href":"https:\/\/ocdsavila2026.com\/en\/wp-json\/wp\/v2\/posts\/1432","targetHints":{"allow":["GET"]}}],"collection":[{"href":"https:\/\/ocdsavila2026.com\/en\/wp-json\/wp\/v2\/posts"}],"about":[{"href":"https:\/\/ocdsavila2026.com\/en\/wp-json\/wp\/v2\/types\/post"}],"author":[{"embeddable":true,"href":"https:\/\/ocdsavila2026.com\/en\/wp-json\/wp\/v2\/users\/1"}],"replies":[{"embeddable":true,"href":"https:\/\/ocdsavila2026.com\/en\/wp-json\/wp\/v2\/comments?post=1432"}],"version-history":[{"count":5,"href":"https:\/\/ocdsavila2026.com\/en\/wp-json\/wp\/v2\/posts\/1432\/revisions"}],"predecessor-version":[{"id":3342,"href":"https:\/\/ocdsavila2026.com\/en\/wp-json\/wp\/v2\/posts\/1432\/revisions\/3342"}],"wp:featuredmedia":[{"embeddable":true,"href":"https:\/\/ocdsavila2026.com\/en\/wp-json\/wp\/v2\/media\/3312"}],"wp:attachment":[{"href":"https:\/\/ocdsavila2026.com\/en\/wp-json\/wp\/v2\/media?parent=1432"}],"wp:term":[{"taxonomy":"category","embeddable":true,"href":"https:\/\/ocdsavila2026.com\/en\/wp-json\/wp\/v2\/categories?post=1432"},{"taxonomy":"post_tag","embeddable":true,"href":"https:\/\/ocdsavila2026.com\/en\/wp-json\/wp\/v2\/tags?post=1432"}],"curies":[{"name":"wp","href":"https:\/\/api.w.org\/{rel}","templated":true}]}}