{"id":1073,"date":"2025-12-14T02:25:35","date_gmt":"2025-12-14T01:25:35","guid":{"rendered":"https:\/\/ocdsavila2026.com\/des-contemplatifs-presses\/"},"modified":"2025-12-15T01:29:53","modified_gmt":"2025-12-15T00:29:53","slug":"des-contemplatifs-presses","status":"publish","type":"post","link":"https:\/\/ocdsavila2026.com\/fr\/des-contemplatifs-presses\/","title":{"rendered":"Ann\u00e9e jubilaire de saint Jean de la Croix"},"content":{"rendered":"\n<div class=\"wp-block-media-text is-stacked-on-mobile\" style=\"grid-template-columns:22% auto\"><figure class=\"wp-block-media-text__media\"><img decoding=\"async\" src=\"https:\/\/ocdsavila2026.com\/wp-content\/uploads\/2025\/08\/Cartel-Centenarios-Sanjuanistas-659x1024-1.jpg\" alt=\"\" class=\"wp-image-3301 size-full\"\/><\/figure><div class=\"wp-block-media-text__content\">\n<p class=\"has-text-color has-link-color wp-elements-1 wp-block-paragraph\" style=\"color:#064f7a;font-style:normal;font-weight:700\">L\u2019Ordre du Carmel D\u00e9chauss\u00e9 se pr\u00e9pare \u00e0 comm\u00e9morer, \u00e0 partir du mois de d\u00e9cembre prochain, les \u00ab Centenaires sanjuanistes : le troisi\u00e8me centenaire de la canonisation de saint Jean de la Croix (1726) et le premier centenaire de sa proclamation comme Docteur de l\u2019\u00c9glise (1926) \u00bb.<\/p>\n\n\n\n<h2 class=\"wp-block-heading has-vivid-red-color has-text-color has-link-color wp-elements-2\" style=\"font-style:normal;font-weight:700\">Ann\u00e9e jubilaire<\/h2>\n\n\n\n<p class=\"has-text-color has-link-color wp-elements-3 wp-block-paragraph\" style=\"color:#064f7a;font-style:normal;font-weight:700\">Ce sera une Ann\u00e9e jubilaire riche de m\u00e9moire, de spiritualit\u00e9 et de culture, au cours de laquelle le peuple chr\u00e9tien et la soci\u00e9t\u00e9 pourront red\u00e9couvrir l\u2019actualit\u00e9 d\u2019un mystique qui demeure un \u00ab phare pour les croyants \u00bb, les po\u00e8tes et les chercheurs de sens, expliquent les Carmes D\u00e9chauss\u00e9s.<\/p>\n\n\n\n<p class=\"has-text-color has-link-color wp-elements-4 wp-block-paragraph\" style=\"color:#064f7a;font-style:normal;font-weight:700\">L\u2019ouverture solennelle de l\u2019Ann\u00e9e jubilaire sanjuaniste aura lieu le samedi 13 d\u00e9cembre 2025 dans l\u2019\u00c9glise\u2013S\u00e9pulcre de saint Jean de la Croix des Carmes D\u00e9chauss\u00e9s \u00e0 S\u00e9govie, o\u00f9 reposent ses reliques. La cl\u00f4ture sera c\u00e9l\u00e9br\u00e9e le samedi 26 d\u00e9cembre 2026 dans la ville d\u2019\u00dabeda, o\u00f9 le saint remit sa vie entre les mains de Dieu et o\u00f9 l\u2019on conserve une m\u00e9moire vivante de sa mort.<\/p>\n<\/div><\/div>\n\n\n\n<p class=\"has-text-color has-link-color wp-elements-5 wp-block-paragraph\" style=\"color:#064f7a;font-style:normal;font-weight:700\">Afin de favoriser la participation des fid\u00e8les et des p\u00e8lerins, les \u00e9glises suivantes ont \u00e9t\u00e9 d\u00e9sign\u00e9es comme temples jubilaires :<\/p>\n\n\n\n<p class=\"has-text-color has-link-color wp-elements-6 wp-block-paragraph\" style=\"color:#064f7a;font-style:normal;font-weight:700\"><strong>Dioc\u00e8se de S\u00e9govie<\/strong> : \u00c9glise des Carmes D\u00e9chauss\u00e9s \u00e0 S\u00e9govie, o\u00f9 se trouve le S\u00e9pulcre du saint.<\/p>\n\n\n\n<p class=\"has-text-color has-link-color wp-elements-7 wp-block-paragraph\" style=\"color:#064f7a;font-style:normal;font-weight:700\"><strong>Dioc\u00e8se d\u2019\u00c1vila<\/strong> : Paroisse Saint-Cyprien \u00e0 Fontiveros (lieu de naissance de saint Jean de la Croix), Basilique Sainte-Th\u00e9r\u00e8se de J\u00e9sus \u00e0 \u00c1vila, et \u00e9glise conventuelle des Carm\u00e9lites D\u00e9chauss\u00e9es de Duruelo (Blascomill\u00e1n).<\/p>\n\n\n\n<p class=\"has-text-color has-link-color wp-elements-8 wp-block-paragraph\" style=\"color:#064f7a;font-style:normal;font-weight:700\"><strong>Dioc\u00e8se de Ja\u00e9n<\/strong> : \u00c9glise-oratoire du couvent des Carmes D\u00e9chauss\u00e9s d\u2019\u00dabeda.<\/p>\n\n\n\n<h2 class=\"wp-block-heading has-vivid-red-color has-text-color has-link-color wp-elements-9\" style=\"font-style:normal;font-weight:700\">\u00ab L\u2019esp\u00e9rance atteint autant qu\u2019elle esp\u00e8re \u00bb<\/h2>\n\n\n\n<p class=\"has-text-color has-link-color wp-elements-10 wp-block-paragraph\" style=\"color:#064f7a;font-style:normal;font-weight:700\">La devise choisie pour accompagner cet \u00e9v\u00e9nement est : \u00ab L\u2019esp\u00e9rance atteint autant qu\u2019elle esp\u00e8re \u00bb. Cette phrase, tir\u00e9e de l\u2019un des po\u00e8mes les plus intenses de saint Jean de la Croix, a \u00e9t\u00e9 s\u00e9lectionn\u00e9e \u00e0 l\u2019issue d\u2019une consultation des religieux de la Province Ib\u00e9rique, \u00e0 une large majorit\u00e9 de voix, sur proposition du P. Maximiliano Herr\u00e1ez, OCD.<\/p>\n\n\n\n<p class=\"has-text-color has-link-color wp-elements-11 wp-block-paragraph\" style=\"color:#064f7a;font-style:normal;font-weight:700\">Elle exprime la profondeur de l\u2019esp\u00e9rance chr\u00e9tienne selon le saint : non comme une attitude passive, mais comme un chemin confiant et audacieux vers Dieu, dans lequel l\u2019\u00e2me re\u00e7oit dans la mesure o\u00f9 elle s\u2019ouvre avec d\u00e9sir et confiance.<\/p>\n\n\n\n<p class=\"has-text-color has-link-color wp-elements-12 wp-block-paragraph\" style=\"color:#064f7a;font-style:normal;font-weight:700\">La devise prend une signification particuli\u00e8re en ce moment, car elle \u00e9tablit un pont spirituel entre l\u2019Ann\u00e9e jubilaire de l\u2019Esp\u00e9rance, qui est sur le point de s\u2019achever, et le nouveau temps jubilaire qui commence.<\/p>\n\n\n\n<p class=\"has-text-color has-link-color wp-elements-13 wp-block-paragraph\" style=\"color:#064f7a;font-style:normal;font-weight:700\">Ainsi, le Carmel souhaite offrir \u00e0 l\u2019\u00c9glise et au monde une parole d\u2019encouragement et de confiance au c\u0153ur d\u2019un temps marqu\u00e9 par l\u2019incertitude et la fatigue.<\/p>\n\n\n\n<p class=\"has-text-color has-link-color wp-elements-14 wp-block-paragraph\" style=\"color:#064f7a;font-style:normal;font-weight:700\">La premi\u00e8re grande image de ces centenaires est l\u2019affiche officielle, \u0153uvre de Manuel Garc\u00eda Villaca\u00f1as, peintre originaire d\u2019\u00dabeda. Elle repr\u00e9sente saint Jean de la Croix de la taille au buste, rev\u00eatu de l\u2019habit complet, dans une attitude sereine et recueillie. Le visage, travaill\u00e9 avec pr\u00e9cision, transmet humanit\u00e9 et proximit\u00e9, rappelant que les saints furent des hommes et des femmes de chair et de sang qui ont atteint la pl\u00e9nitude dans leur relation avec Dieu.<\/p>\n\n\n\n<p class=\"has-text-color has-link-color wp-elements-15 wp-block-paragraph\" style=\"color:#064f7a;font-style:normal;font-weight:700\">Aux c\u00f4t\u00e9s de la devise et de l\u2019affiche, le logo officiel des Centenaires a \u00e9galement \u00e9t\u00e9 pr\u00e9sent\u00e9. D\u2019un design sobre et contemporain, il encadre la silhouette du saint par une typographie circulaire rappelant les deux anniversaires : 300 ans de la canonisation et 100 ans du doctorat.<\/p>\n\n\n\n<p class=\"has-text-color has-link-color wp-elements-16 wp-block-paragraph\" style=\"color:#064f7a;font-style:normal;font-weight:700\">Son trac\u00e9 simple et \u00e9l\u00e9gant permet une identification visuelle ais\u00e9e et sera l\u2019image de r\u00e9f\u00e9rence pour toutes les c\u00e9l\u00e9brations, publications et activit\u00e9s qui auront lieu tout au long de ce jubil\u00e9.<\/p>\n\n\n\n<p class=\"has-text-color has-link-color wp-elements-17 wp-block-paragraph\" style=\"color:#064f7a;font-style:normal;font-weight:700\">Avec ces symboles d\u00e9sormais pr\u00e9sent\u00e9s, l\u2019Ordre du Carmel invite \u00e0 participer \u00e0 une ann\u00e9e de gr\u00e2ce au cours de laquelle seront comm\u00e9mor\u00e9es la canonisation de saint Jean de la Croix par le pape Beno\u00eet XIII en 1726 et sa proclamation comme Docteur de l\u2019\u00c9glise par Pie XI en 1926.<\/p>\n\n\n\n<p class=\"has-text-color has-link-color wp-elements-18 wp-block-paragraph\" style=\"color:#064f7a;font-style:normal;font-weight:700\">Au fil de ces mois, des c\u00e9l\u00e9brations liturgiques, des congr\u00e8s acad\u00e9miques, des publications et des activit\u00e9s culturelles seront organis\u00e9s afin de faire d\u00e9couvrir au grand public la richesse de sa figure.<\/p>\n\n\n\n<p class=\"has-text-color has-link-color wp-elements-19 wp-block-paragraph\" style=\"color:#064f7a;font-style:normal;font-weight:700\">Les Centenaires sanjuanistes veulent \u00eatre \u00e0 la fois m\u00e9moire reconnaissante et appel au pr\u00e9sent : red\u00e9couvrir la voix du Docteur mystique comme ma\u00eetre de l\u2019esp\u00e9rance, po\u00e8te de l\u2019amour et t\u00e9moin d\u2019un chemin qui, cinq si\u00e8cles plus tard, demeure actuel et n\u00e9cessaire.<\/p>\n\n\n\n<div class=\"wp-block-media-text is-stacked-on-mobile\" style=\"grid-template-columns:26% auto\"><figure class=\"wp-block-media-text__media\"><img decoding=\"async\" src=\"https:\/\/ocdsavila2026.com\/wp-content\/uploads\/2025\/08\/logotipo-CENTENARIO-SJ-bn-1-768x945-1.png\" alt=\"\" class=\"wp-image-3302 size-full\"\/><\/figure><div class=\"wp-block-media-text__content\">\n<p class=\"has-vivid-red-color has-text-color has-background has-link-color has-medium-font-size wp-elements-20 wp-block-paragraph\" style=\"background-color:#eaddbf;font-style:normal;font-weight:700\">Conditions pour obtenir l\u2019indulgence jubilaire<\/p>\n\n\n\n<p class=\"has-text-color has-background has-link-color wp-elements-21 wp-block-paragraph\" style=\"color:#064f7a;background-color:#eaddbf;font-style:normal;font-weight:700\">Pour obtenir l\u2019indulgence jubilaire, les fid\u00e8les doivent remplir certaines conditions sp\u00e9cifiques lors de la visite d\u2019un temple jubilaire :<\/p>\n\n\n\n<p class=\"has-text-color has-background has-link-color wp-elements-22 wp-block-paragraph\" style=\"color:#064f7a;background-color:#eaddbf;font-style:normal;font-weight:700\"><strong>Exclure tout attachement au p\u00e9ch\u00e9<\/strong> : il est n\u00e9cessaire que le fid\u00e8le exclue tout attachement au p\u00e9ch\u00e9, m\u00eame v\u00e9niel.<\/p>\n\n\n\n<p class=\"has-text-color has-background has-link-color wp-elements-23 wp-block-paragraph\" style=\"color:#064f7a;background-color:#eaddbf;font-style:normal;font-weight:700\"><strong>Se confesser<\/strong> : la confession doit \u00eatre individuelle et int\u00e9grale, sans omettre aucun p\u00e9ch\u00e9 (dans les huit jours pr\u00e9c\u00e9dant ou suivant la visite du temple jubilaire).<\/p>\n\n\n\n<p class=\"has-text-color has-background has-link-color wp-elements-24 wp-block-paragraph\" style=\"color:#064f7a;background-color:#eaddbf;font-style:normal;font-weight:700\"><strong>Communier<\/strong> : le fid\u00e8le doit recevoir l\u2019Eucharistie.<\/p>\n\n\n\n<p class=\"has-text-color has-background has-link-color wp-elements-25 wp-block-paragraph\" style=\"color:#064f7a;background-color:#eaddbf;font-style:normal;font-weight:700\"><strong>Prier pour le Pape<\/strong> : r\u00e9citer le Notre P\u00e8re, le Je vous salue Marie et le Gloire au P\u00e8re, en priant sp\u00e9cialement pour les intentions du Saint-P\u00e8re.<\/p>\n\n\n\n<p class=\"has-text-color has-background has-link-color wp-elements-26 wp-block-paragraph\" style=\"color:#064f7a;background-color:#eaddbf;font-style:normal;font-weight:700\"><strong>Exclure tout attachement au p\u00e9ch\u00e9<\/strong> : il est n\u00e9cessaire que le fid\u00e8le exclue tout attachement au p\u00e9ch\u00e9, m\u00eame v\u00e9niel.<\/p>\n<\/div><\/div>\n","protected":false},"excerpt":{"rendered":"<p>L\u2019Ordre du Carmel D\u00e9chauss\u00e9 se pr\u00e9pare \u00e0 comm\u00e9morer, \u00e0 partir du mois de d\u00e9cembre prochain, les \u00ab Centenaires sanjuanistes : le troisi\u00e8me centenaire de la canonisation de saint Jean de la Croix (1726) et le premier centenaire de sa proclamation comme Docteur de l\u2019\u00c9glise (1926) \u00bb. Ann\u00e9e jubilaire Ce sera une Ann\u00e9e jubilaire riche de [&hellip;]<\/p>\n","protected":false},"author":1,"featured_media":3303,"comment_status":"closed","ping_status":"closed","sticky":false,"template":"","format":"standard","meta":{"footnotes":""},"categories":[128],"tags":[],"class_list":["post-1073","post","type-post","status-publish","format-standard","has-post-thumbnail","hentry","category-presentations"],"yoast_head":"<!-- This site is optimized with the Yoast SEO plugin v28.4 - https:\/\/yoast.com\/product\/yoast-seo-wordpress\/ -->\n<title>Ann\u00e9e jubilaire de saint Jean de la Croix - OCDS 2026<\/title>\n<meta name=\"robots\" content=\"index, follow, max-snippet:-1, max-image-preview:large, max-video-preview:-1\" \/>\n<link rel=\"canonical\" href=\"https:\/\/ocdsavila2026.com\/fr\/des-contemplatifs-presses\/\" \/>\n<meta property=\"og:locale\" content=\"fr_FR\" \/>\n<meta property=\"og:type\" content=\"article\" \/>\n<meta property=\"og:title\" content=\"Ann\u00e9e jubilaire de saint Jean de la Croix - OCDS 2026\" \/>\n<meta property=\"og:description\" content=\"L\u2019Ordre du Carmel D\u00e9chauss\u00e9 se pr\u00e9pare \u00e0 comm\u00e9morer, \u00e0 partir du mois de d\u00e9cembre prochain, les \u00ab Centenaires sanjuanistes : le troisi\u00e8me centenaire de la canonisation de saint Jean de la Croix (1726) et le premier centenaire de sa proclamation comme Docteur de l\u2019\u00c9glise (1926) \u00bb. Ann\u00e9e jubilaire Ce sera une Ann\u00e9e jubilaire riche de [&hellip;]\" \/>\n<meta property=\"og:url\" content=\"https:\/\/ocdsavila2026.com\/fr\/des-contemplatifs-presses\/\" \/>\n<meta property=\"og:site_name\" content=\"OCDS 2026\" \/>\n<meta property=\"article:published_time\" content=\"2025-12-14T01:25:35+00:00\" \/>\n<meta property=\"article:modified_time\" content=\"2025-12-15T00:29:53+00:00\" \/>\n<meta property=\"og:image\" content=\"https:\/\/ocdsavila2026.com\/wp-content\/uploads\/2025\/12\/santo-padre2.jpg\" \/>\n\t<meta property=\"og:image:width\" content=\"1280\" \/>\n\t<meta property=\"og:image:height\" content=\"800\" \/>\n\t<meta property=\"og:image:type\" content=\"image\/jpeg\" \/>\n<meta name=\"author\" content=\"admin\" \/>\n<meta name=\"twitter:card\" content=\"summary_large_image\" \/>\n<meta name=\"twitter:label1\" content=\"\u00c9crit par\" \/>\n\t<meta name=\"twitter:data1\" content=\"admin\" \/>\n\t<meta name=\"twitter:label2\" content=\"Dur\u00e9e de lecture estim\u00e9e\" \/>\n\t<meta name=\"twitter:data2\" content=\"5 minutes\" \/>\n<script type=\"application\/ld+json\" class=\"yoast-schema-graph\">{\"@context\":\"https:\\\/\\\/schema.org\",\"@graph\":[{\"@type\":\"Article\",\"@id\":\"https:\\\/\\\/ocdsavila2026.com\\\/fr\\\/des-contemplatifs-presses\\\/#article\",\"isPartOf\":{\"@id\":\"https:\\\/\\\/ocdsavila2026.com\\\/fr\\\/des-contemplatifs-presses\\\/\"},\"author\":{\"name\":\"admin\",\"@id\":\"https:\\\/\\\/ocdsavila2026.com\\\/fr\\\/#\\\/schema\\\/person\\\/93304ebced607cf69b78a116a3513457\"},\"headline\":\"Ann\u00e9e jubilaire de saint Jean de la Croix\",\"datePublished\":\"2025-12-14T01:25:35+00:00\",\"dateModified\":\"2025-12-15T00:29:53+00:00\",\"mainEntityOfPage\":{\"@id\":\"https:\\\/\\\/ocdsavila2026.com\\\/fr\\\/des-contemplatifs-presses\\\/\"},\"wordCount\":938,\"publisher\":{\"@id\":\"https:\\\/\\\/ocdsavila2026.com\\\/fr\\\/#organization\"},\"image\":{\"@id\":\"https:\\\/\\\/ocdsavila2026.com\\\/fr\\\/des-contemplatifs-presses\\\/#primaryimage\"},\"thumbnailUrl\":\"https:\\\/\\\/ocdsavila2026.com\\\/wp-content\\\/uploads\\\/2025\\\/12\\\/santo-padre2.jpg\",\"articleSection\":[\"Pr\u00e9sentations\"],\"inLanguage\":\"fr-FR\"},{\"@type\":\"WebPage\",\"@id\":\"https:\\\/\\\/ocdsavila2026.com\\\/fr\\\/des-contemplatifs-presses\\\/\",\"url\":\"https:\\\/\\\/ocdsavila2026.com\\\/fr\\\/des-contemplatifs-presses\\\/\",\"name\":\"Ann\u00e9e jubilaire de saint Jean de la Croix - OCDS 2026\",\"isPartOf\":{\"@id\":\"https:\\\/\\\/ocdsavila2026.com\\\/fr\\\/#website\"},\"primaryImageOfPage\":{\"@id\":\"https:\\\/\\\/ocdsavila2026.com\\\/fr\\\/des-contemplatifs-presses\\\/#primaryimage\"},\"image\":{\"@id\":\"https:\\\/\\\/ocdsavila2026.com\\\/fr\\\/des-contemplatifs-presses\\\/#primaryimage\"},\"thumbnailUrl\":\"https:\\\/\\\/ocdsavila2026.com\\\/wp-content\\\/uploads\\\/2025\\\/12\\\/santo-padre2.jpg\",\"datePublished\":\"2025-12-14T01:25:35+00:00\",\"dateModified\":\"2025-12-15T00:29:53+00:00\",\"breadcrumb\":{\"@id\":\"https:\\\/\\\/ocdsavila2026.com\\\/fr\\\/des-contemplatifs-presses\\\/#breadcrumb\"},\"inLanguage\":\"fr-FR\",\"potentialAction\":[{\"@type\":\"ReadAction\",\"target\":[\"https:\\\/\\\/ocdsavila2026.com\\\/fr\\\/des-contemplatifs-presses\\\/\"]}]},{\"@type\":\"ImageObject\",\"inLanguage\":\"fr-FR\",\"@id\":\"https:\\\/\\\/ocdsavila2026.com\\\/fr\\\/des-contemplatifs-presses\\\/#primaryimage\",\"url\":\"https:\\\/\\\/ocdsavila2026.com\\\/wp-content\\\/uploads\\\/2025\\\/12\\\/santo-padre2.jpg\",\"contentUrl\":\"https:\\\/\\\/ocdsavila2026.com\\\/wp-content\\\/uploads\\\/2025\\\/12\\\/santo-padre2.jpg\",\"width\":1280,\"height\":800},{\"@type\":\"BreadcrumbList\",\"@id\":\"https:\\\/\\\/ocdsavila2026.com\\\/fr\\\/des-contemplatifs-presses\\\/#breadcrumb\",\"itemListElement\":[{\"@type\":\"ListItem\",\"position\":1,\"name\":\"Portada\",\"item\":\"https:\\\/\\\/ocdsavila2026.com\\\/fr\\\/\"},{\"@type\":\"ListItem\",\"position\":2,\"name\":\"Ann\u00e9e jubilaire de saint Jean de la Croix\"}]},{\"@type\":\"WebSite\",\"@id\":\"https:\\\/\\\/ocdsavila2026.com\\\/fr\\\/#website\",\"url\":\"https:\\\/\\\/ocdsavila2026.com\\\/fr\\\/\",\"name\":\"OCDS 2026\",\"description\":\"Encuentro Mundial OCDS 2026\",\"publisher\":{\"@id\":\"https:\\\/\\\/ocdsavila2026.com\\\/fr\\\/#organization\"},\"potentialAction\":[{\"@type\":\"SearchAction\",\"target\":{\"@type\":\"EntryPoint\",\"urlTemplate\":\"https:\\\/\\\/ocdsavila2026.com\\\/fr\\\/?s={search_term_string}\"},\"query-input\":{\"@type\":\"PropertyValueSpecification\",\"valueRequired\":true,\"valueName\":\"search_term_string\"}}],\"inLanguage\":\"fr-FR\"},{\"@type\":\"Organization\",\"@id\":\"https:\\\/\\\/ocdsavila2026.com\\\/fr\\\/#organization\",\"name\":\"Carmelitas descalzos\",\"url\":\"https:\\\/\\\/ocdsavila2026.com\\\/fr\\\/\",\"logo\":{\"@type\":\"ImageObject\",\"inLanguage\":\"fr-FR\",\"@id\":\"https:\\\/\\\/ocdsavila2026.com\\\/fr\\\/#\\\/schema\\\/logo\\\/image\\\/\",\"url\":\"https:\\\/\\\/ocdsavila2026.com\\\/wp-content\\\/uploads\\\/2026\\\/01\\\/logoiberica-scaled-1.png\",\"contentUrl\":\"https:\\\/\\\/ocdsavila2026.com\\\/wp-content\\\/uploads\\\/2026\\\/01\\\/logoiberica-scaled-1.png\",\"width\":2560,\"height\":2560,\"caption\":\"Carmelitas descalzos\"},\"image\":{\"@id\":\"https:\\\/\\\/ocdsavila2026.com\\\/fr\\\/#\\\/schema\\\/logo\\\/image\\\/\"}},{\"@type\":\"Person\",\"@id\":\"https:\\\/\\\/ocdsavila2026.com\\\/fr\\\/#\\\/schema\\\/person\\\/93304ebced607cf69b78a116a3513457\",\"name\":\"admin\",\"image\":{\"@type\":\"ImageObject\",\"inLanguage\":\"fr-FR\",\"@id\":\"https:\\\/\\\/secure.gravatar.com\\\/avatar\\\/948b492cce32b586ac2db0eaa926ee87024f7afe218d73b397ea5ddfc5f43ea1?s=96&d=mm&r=g\",\"url\":\"https:\\\/\\\/secure.gravatar.com\\\/avatar\\\/948b492cce32b586ac2db0eaa926ee87024f7afe218d73b397ea5ddfc5f43ea1?s=96&d=mm&r=g\",\"contentUrl\":\"https:\\\/\\\/secure.gravatar.com\\\/avatar\\\/948b492cce32b586ac2db0eaa926ee87024f7afe218d73b397ea5ddfc5f43ea1?s=96&d=mm&r=g\",\"caption\":\"admin\"},\"sameAs\":[\"https:\\\/\\\/ocdsavila2026.com\"],\"url\":\"https:\\\/\\\/ocdsavila2026.com\\\/fr\\\/author\\\/sjdigital\\\/\"}]}<\/script>\n<!-- \/ Yoast SEO plugin. -->","yoast_head_json":{"title":"Ann\u00e9e jubilaire de saint Jean de la Croix - OCDS 2026","robots":{"index":"index","follow":"follow","max-snippet":"max-snippet:-1","max-image-preview":"max-image-preview:large","max-video-preview":"max-video-preview:-1"},"canonical":"https:\/\/ocdsavila2026.com\/fr\/des-contemplatifs-presses\/","og_locale":"fr_FR","og_type":"article","og_title":"Ann\u00e9e jubilaire de saint Jean de la Croix - OCDS 2026","og_description":"L\u2019Ordre du Carmel D\u00e9chauss\u00e9 se pr\u00e9pare \u00e0 comm\u00e9morer, \u00e0 partir du mois de d\u00e9cembre prochain, les \u00ab Centenaires sanjuanistes : le troisi\u00e8me centenaire de la canonisation de saint Jean de la Croix (1726) et le premier centenaire de sa proclamation comme Docteur de l\u2019\u00c9glise (1926) \u00bb. Ann\u00e9e jubilaire Ce sera une Ann\u00e9e jubilaire riche de [&hellip;]","og_url":"https:\/\/ocdsavila2026.com\/fr\/des-contemplatifs-presses\/","og_site_name":"OCDS 2026","article_published_time":"2025-12-14T01:25:35+00:00","article_modified_time":"2025-12-15T00:29:53+00:00","og_image":[{"width":1280,"height":800,"url":"https:\/\/ocdsavila2026.com\/wp-content\/uploads\/2025\/12\/santo-padre2.jpg","type":"image\/jpeg"}],"author":"admin","twitter_card":"summary_large_image","twitter_misc":{"\u00c9crit par":"admin","Dur\u00e9e de lecture estim\u00e9e":"5 minutes"},"schema":{"@context":"https:\/\/schema.org","@graph":[{"@type":"Article","@id":"https:\/\/ocdsavila2026.com\/fr\/des-contemplatifs-presses\/#article","isPartOf":{"@id":"https:\/\/ocdsavila2026.com\/fr\/des-contemplatifs-presses\/"},"author":{"name":"admin","@id":"https:\/\/ocdsavila2026.com\/fr\/#\/schema\/person\/93304ebced607cf69b78a116a3513457"},"headline":"Ann\u00e9e jubilaire de saint Jean de la Croix","datePublished":"2025-12-14T01:25:35+00:00","dateModified":"2025-12-15T00:29:53+00:00","mainEntityOfPage":{"@id":"https:\/\/ocdsavila2026.com\/fr\/des-contemplatifs-presses\/"},"wordCount":938,"publisher":{"@id":"https:\/\/ocdsavila2026.com\/fr\/#organization"},"image":{"@id":"https:\/\/ocdsavila2026.com\/fr\/des-contemplatifs-presses\/#primaryimage"},"thumbnailUrl":"https:\/\/ocdsavila2026.com\/wp-content\/uploads\/2025\/12\/santo-padre2.jpg","articleSection":["Pr\u00e9sentations"],"inLanguage":"fr-FR"},{"@type":"WebPage","@id":"https:\/\/ocdsavila2026.com\/fr\/des-contemplatifs-presses\/","url":"https:\/\/ocdsavila2026.com\/fr\/des-contemplatifs-presses\/","name":"Ann\u00e9e jubilaire de saint Jean de la Croix - OCDS 2026","isPartOf":{"@id":"https:\/\/ocdsavila2026.com\/fr\/#website"},"primaryImageOfPage":{"@id":"https:\/\/ocdsavila2026.com\/fr\/des-contemplatifs-presses\/#primaryimage"},"image":{"@id":"https:\/\/ocdsavila2026.com\/fr\/des-contemplatifs-presses\/#primaryimage"},"thumbnailUrl":"https:\/\/ocdsavila2026.com\/wp-content\/uploads\/2025\/12\/santo-padre2.jpg","datePublished":"2025-12-14T01:25:35+00:00","dateModified":"2025-12-15T00:29:53+00:00","breadcrumb":{"@id":"https:\/\/ocdsavila2026.com\/fr\/des-contemplatifs-presses\/#breadcrumb"},"inLanguage":"fr-FR","potentialAction":[{"@type":"ReadAction","target":["https:\/\/ocdsavila2026.com\/fr\/des-contemplatifs-presses\/"]}]},{"@type":"ImageObject","inLanguage":"fr-FR","@id":"https:\/\/ocdsavila2026.com\/fr\/des-contemplatifs-presses\/#primaryimage","url":"https:\/\/ocdsavila2026.com\/wp-content\/uploads\/2025\/12\/santo-padre2.jpg","contentUrl":"https:\/\/ocdsavila2026.com\/wp-content\/uploads\/2025\/12\/santo-padre2.jpg","width":1280,"height":800},{"@type":"BreadcrumbList","@id":"https:\/\/ocdsavila2026.com\/fr\/des-contemplatifs-presses\/#breadcrumb","itemListElement":[{"@type":"ListItem","position":1,"name":"Portada","item":"https:\/\/ocdsavila2026.com\/fr\/"},{"@type":"ListItem","position":2,"name":"Ann\u00e9e jubilaire de saint Jean de la Croix"}]},{"@type":"WebSite","@id":"https:\/\/ocdsavila2026.com\/fr\/#website","url":"https:\/\/ocdsavila2026.com\/fr\/","name":"OCDS 2026","description":"Encuentro Mundial OCDS 2026","publisher":{"@id":"https:\/\/ocdsavila2026.com\/fr\/#organization"},"potentialAction":[{"@type":"SearchAction","target":{"@type":"EntryPoint","urlTemplate":"https:\/\/ocdsavila2026.com\/fr\/?s={search_term_string}"},"query-input":{"@type":"PropertyValueSpecification","valueRequired":true,"valueName":"search_term_string"}}],"inLanguage":"fr-FR"},{"@type":"Organization","@id":"https:\/\/ocdsavila2026.com\/fr\/#organization","name":"Carmelitas descalzos","url":"https:\/\/ocdsavila2026.com\/fr\/","logo":{"@type":"ImageObject","inLanguage":"fr-FR","@id":"https:\/\/ocdsavila2026.com\/fr\/#\/schema\/logo\/image\/","url":"https:\/\/ocdsavila2026.com\/wp-content\/uploads\/2026\/01\/logoiberica-scaled-1.png","contentUrl":"https:\/\/ocdsavila2026.com\/wp-content\/uploads\/2026\/01\/logoiberica-scaled-1.png","width":2560,"height":2560,"caption":"Carmelitas descalzos"},"image":{"@id":"https:\/\/ocdsavila2026.com\/fr\/#\/schema\/logo\/image\/"}},{"@type":"Person","@id":"https:\/\/ocdsavila2026.com\/fr\/#\/schema\/person\/93304ebced607cf69b78a116a3513457","name":"admin","image":{"@type":"ImageObject","inLanguage":"fr-FR","@id":"https:\/\/secure.gravatar.com\/avatar\/948b492cce32b586ac2db0eaa926ee87024f7afe218d73b397ea5ddfc5f43ea1?s=96&d=mm&r=g","url":"https:\/\/secure.gravatar.com\/avatar\/948b492cce32b586ac2db0eaa926ee87024f7afe218d73b397ea5ddfc5f43ea1?s=96&d=mm&r=g","contentUrl":"https:\/\/secure.gravatar.com\/avatar\/948b492cce32b586ac2db0eaa926ee87024f7afe218d73b397ea5ddfc5f43ea1?s=96&d=mm&r=g","caption":"admin"},"sameAs":["https:\/\/ocdsavila2026.com"],"url":"https:\/\/ocdsavila2026.com\/fr\/author\/sjdigital\/"}]}},"_links":{"self":[{"href":"https:\/\/ocdsavila2026.com\/fr\/wp-json\/wp\/v2\/posts\/1073","targetHints":{"allow":["GET"]}}],"collection":[{"href":"https:\/\/ocdsavila2026.com\/fr\/wp-json\/wp\/v2\/posts"}],"about":[{"href":"https:\/\/ocdsavila2026.com\/fr\/wp-json\/wp\/v2\/types\/post"}],"author":[{"embeddable":true,"href":"https:\/\/ocdsavila2026.com\/fr\/wp-json\/wp\/v2\/users\/1"}],"replies":[{"embeddable":true,"href":"https:\/\/ocdsavila2026.com\/fr\/wp-json\/wp\/v2\/comments?post=1073"}],"version-history":[{"count":5,"href":"https:\/\/ocdsavila2026.com\/fr\/wp-json\/wp\/v2\/posts\/1073\/revisions"}],"predecessor-version":[{"id":3309,"href":"https:\/\/ocdsavila2026.com\/fr\/wp-json\/wp\/v2\/posts\/1073\/revisions\/3309"}],"wp:featuredmedia":[{"embeddable":true,"href":"https:\/\/ocdsavila2026.com\/fr\/wp-json\/wp\/v2\/media\/3303"}],"wp:attachment":[{"href":"https:\/\/ocdsavila2026.com\/fr\/wp-json\/wp\/v2\/media?parent=1073"}],"wp:term":[{"taxonomy":"category","embeddable":true,"href":"https:\/\/ocdsavila2026.com\/fr\/wp-json\/wp\/v2\/categories?post=1073"},{"taxonomy":"post_tag","embeddable":true,"href":"https:\/\/ocdsavila2026.com\/fr\/wp-json\/wp\/v2\/tags?post=1073"}],"curies":[{"name":"wp","href":"https:\/\/api.w.org\/{rel}","templated":true}]}}