{"id":1257,"date":"2025-11-23T02:29:28","date_gmt":"2025-11-23T01:29:28","guid":{"rendered":"https:\/\/ocdsavila2026.com\/volontaires\/"},"modified":"2025-11-26T00:38:13","modified_gmt":"2025-11-25T23:38:13","slug":"volontaires","status":"publish","type":"post","link":"https:\/\/ocdsavila2026.com\/fr\/volontaires\/","title":{"rendered":"T\u00e9moins de l&rsquo;espoir"},"content":{"rendered":"\n<p class=\"has-vivid-red-color has-text-color has-link-color wp-elements-1 wp-block-paragraph\"><strong>  \"Appel\u00e9s \u00e0 la saintet\u00e9<\/strong><\/p>\n\n<p class=\"has-text-align-left has-text-color has-link-color wp-elements-2 wp-block-paragraph\" style=\"color:#0c486b;font-style:normal;font-weight:700\">La saintet\u00e9 est ce qui est le plus n\u00e9cessaire \u00e0 l'\u00c9glise pour mener \u00e0 bien sa mission d'\u00eatre le reflet salvateur du Christ dans le monde. Sans elle, toutes les r\u00e9alisations de son action mondaine et le d\u00e9veloppement de son actualisation constante sont impossibles ou inutiles. <\/p>\n\n<p class=\"has-text-align-left has-text-color has-link-color wp-elements-3 wp-block-paragraph\" style=\"color:#0c486b;font-style:normal;font-weight:700\">Les saints sont donc la b\u00e9n\u00e9diction que l'\u00c9glise et le monde attendent de la gr\u00e2ce de Dieu, parce qu'en eux<em>: \"Dieu r\u00e9v\u00e8le sa pr\u00e9sence et son visage aux hommes de fa\u00e7on vivante. En eux, c'est Dieu lui-m\u00eame qui nous parle et nous offre un signe de son royaume, vers lequel nous sommes fortement attir\u00e9s, pr\u00e9c\u00e9d\u00e9s que nous sommes par un si grand nombre de t\u00e9moins<\/em> (cf. He 12, 1)<em> et par un t\u00e9moignage si clair de la v\u00e9rit\u00e9 de l'\u00c9vangile\"<\/em> (LG 50).<\/p>\n\n<p class=\"has-text-align-left has-text-color has-link-color wp-elements-4 wp-block-paragraph\" style=\"color:#0c486b;font-style:normal;font-weight:700\">Nous, carm\u00e9lites la\u00efques, sommes aussi appel\u00e9es \u00e0 \u00eatre saintes, c'est la premi\u00e8re vocation que nous avons depuis le bapt\u00eame. Il y a plusieurs fr\u00e8res et s\u0153urs qui, ayant v\u00e9cu leur vie chr\u00e9tienne en tant que Carm\u00e9lites s\u00e9culi\u00e8res, sont \u00e0 diff\u00e9rents stades du processus de canonisation. Ceux qui nous ont pr\u00e9c\u00e9d\u00e9s dans la vie \u00e9ternelle devraient servir d'exemple pour notre vie de carm\u00e9lites d\u00e9chauss\u00e9es dans le monde.  <\/p>\n\n<div class=\"wp-block-media-text is-stacked-on-mobile\" style=\"grid-template-columns:55% auto\"><figure class=\"wp-block-media-text__media\"><a href=\"https:\/\/postocd.org\/index.php\/es\"><img loading=\"lazy\" decoding=\"async\" width=\"490\" height=\"279\" src=\"https:\/\/ocdsavila2026.com\/wp-content\/uploads\/2025\/11\/santos-ocds.jpg\" alt=\"\" class=\"wp-image-2417 size-full\" srcset=\"https:\/\/ocdsavila2026.com\/wp-content\/uploads\/2025\/11\/santos-ocds.jpg 490w, https:\/\/ocdsavila2026.com\/wp-content\/uploads\/2025\/11\/santos-ocds-480x273.jpg 480w\" sizes=\"(min-width: 0px) and (max-width: 480px) 480px, (min-width: 481px) 490px, 100vw\" \/><\/a><\/figure><div class=\"wp-block-media-text__content\">\n<p class=\"has-text-color has-link-color wp-elements-5 wp-block-paragraph\" style=\"color:#064f7a;font-style:normal;font-weight:700\"><a href=\"https:\/\/www.postocd.org\/index.php\/es\/biografia-giuseppa-naval-girbes-es\">-Beata<strong>Josefa Naval Girb\u00e9s<\/strong> <strong>OCDS<\/strong><\/a><\/p>\n\n\n\n<p class=\"has-text-color has-link-color wp-elements-6 wp-block-paragraph\" style=\"color:#064f7a;font-style:normal;font-weight:700\"><a href=\"https:\/\/www.postocd.org\/index.php\/es\/biografia-victor-rodriguez-martinez-es\" data-type=\"link\" data-id=\"https:\/\/www.postocd.org\/index.php\/es\/biografia-victor-rodriguez-martinez-es\">-Serviteur de<strong>Dieu Victor Rodriguez OCDS<\/strong><\/a><\/p>\n\n\n\n<p class=\"has-text-color has-link-color wp-elements-7 wp-block-paragraph\" style=\"color:#064f7a;font-style:normal;font-weight:700\"><strong><a href=\"https:\/\/postocd.org\/index.php\/en\/biography-kunegonda-siwiec\" data-type=\"link\" data-id=\"https:\/\/postocd.org\/index.php\/en\/biography-kunegonda-siwiec\">-V\u00e9n\u00e9rable Kunegunda Siwiec OCDS<\/a> <\/strong><\/p>\n\n\n\n<p class=\"has-text-color has-link-color wp-elements-8 wp-block-paragraph\" style=\"color:#064f7a;font-style:normal;font-weight:700\"><a href=\"https:\/\/www.postocd.org\/index.php\/es\/biografia-anita-cantieri-es\" data-type=\"link\" data-id=\"https:\/\/www.postocd.org\/index.php\/es\/biografia-anita-cantieri-es\">-La v\u00e9n\u00e9rable<strong>Anita Cantieri OCDS<\/strong> <\/a><\/p>\n\n\n\n<p class=\"has-text-color has-link-color wp-elements-9 wp-block-paragraph\" style=\"color:#064f7a;font-style:normal;font-weight:700\"><a href=\"https:\/\/www.postocd.org\/index.php\/es\/biografia-giorgio-haefner-luigi-dei-sacri-cuori-es\" data-type=\"link\" data-id=\"https:\/\/www.postocd.org\/index.php\/es\/biografia-giorgio-haefner-luigi-dei-sacri-cuori-es\">-Beatus<strong>Georg H\u00e4fner (Aloysius of the Blessed Sacrament, pr\u00eatre s\u00e9culier) OCDS<\/strong><\/a><\/p>\n\n\n\n<p class=\"has-text-color has-link-color wp-elements-10 wp-block-paragraph\" style=\"color:#064f7a;font-style:normal;font-weight:700\"><a href=\"https:\/\/postocd.org\/index.php\/es\/biografia-ulisse-amendolagine-es\" data-type=\"link\" data-id=\"https:\/\/postocd.org\/index.php\/es\/biografia-ulisse-amendolagine-es\">-Serviteur de<strong>Dieu Ulisse Amendolagine OCDS<\/strong><\/a><\/p>\n\n\n\n<p class=\"has-text-color has-link-color wp-elements-11 wp-block-paragraph\" style=\"color:#064f7a;font-style:normal;font-weight:700\"><a href=\"https:\/\/postocd.org\/index.php\/es\/biografia-lelia-cossidente-es\" data-type=\"link\" data-id=\"https:\/\/postocd.org\/index.php\/es\/biografia-lelia-cossidente-es\"><strong>-Servante de Dieu Lelia Cossidente OCDS<\/strong> <strong>(\u00e9pouse d'Ulisse)<\/strong><\/a><\/p>\n<\/div><\/div>\n\n<p class=\"has-text-color has-link-color wp-elements-12 wp-block-paragraph\" style=\"color:#064f7a\"><\/p>\n","protected":false},"excerpt":{"rendered":"<p>\"Il ne s&rsquo;agit pas de penser beaucoup, mais d&rsquo;aimer beaucoup ; et donc, tout ce qui \u00e9veille l&rsquo;amour, cela se fait. [Car c&rsquo;est pour cela que le Seigneur nous a cr\u00e9\u00e9s : pour \u00eatre des saints\".<br \/>\n(Sainte Th\u00e9r\u00e8se de J\u00e9sus, C.P. 4,4)<\/p>\n","protected":false},"author":1,"featured_media":1640,"comment_status":"closed","ping_status":"closed","sticky":false,"template":"","format":"standard","meta":{"footnotes":""},"categories":[128],"tags":[],"class_list":["post-1257","post","type-post","status-publish","format-standard","has-post-thumbnail","hentry","category-presentations"],"yoast_head":"<!-- This site is optimized with the Yoast SEO plugin v28.4 - https:\/\/yoast.com\/product\/yoast-seo-wordpress\/ -->\n<title>T\u00e9moins de l&#039;espoir - OCDS 2026<\/title>\n<meta name=\"robots\" content=\"index, follow, max-snippet:-1, max-image-preview:large, max-video-preview:-1\" \/>\n<link rel=\"canonical\" href=\"https:\/\/ocdsavila2026.com\/fr\/volontaires\/\" \/>\n<meta property=\"og:locale\" content=\"fr_FR\" \/>\n<meta property=\"og:type\" content=\"article\" \/>\n<meta property=\"og:title\" content=\"T\u00e9moins de l&#039;espoir - OCDS 2026\" \/>\n<meta property=\"og:description\" content=\"&quot;Il ne s&#039;agit pas de penser beaucoup, mais d&#039;aimer beaucoup ; et donc, tout ce qui \u00e9veille l&#039;amour, cela se fait. [Car c&#039;est pour cela que le Seigneur nous a cr\u00e9\u00e9s : pour \u00eatre des saints&quot;. (Sainte Th\u00e9r\u00e8se de J\u00e9sus, C.P. 4,4)\" \/>\n<meta property=\"og:url\" content=\"https:\/\/ocdsavila2026.com\/fr\/volontaires\/\" \/>\n<meta property=\"og:site_name\" content=\"OCDS 2026\" \/>\n<meta property=\"article:published_time\" content=\"2025-11-23T01:29:28+00:00\" \/>\n<meta property=\"article:modified_time\" content=\"2025-11-25T23:38:13+00:00\" \/>\n<meta property=\"og:image\" content=\"https:\/\/ocdsavila2026.com\/wp-content\/uploads\/2025\/08\/cover_ocdsitalia_02.2025.jpg\" \/>\n\t<meta property=\"og:image:width\" content=\"1200\" \/>\n\t<meta property=\"og:image:height\" content=\"800\" \/>\n\t<meta property=\"og:image:type\" content=\"image\/jpeg\" \/>\n<meta name=\"author\" content=\"admin\" \/>\n<meta name=\"twitter:card\" content=\"summary_large_image\" \/>\n<meta name=\"twitter:label1\" content=\"\u00c9crit par\" \/>\n\t<meta name=\"twitter:data1\" content=\"admin\" \/>\n\t<meta name=\"twitter:label2\" content=\"Dur\u00e9e de lecture estim\u00e9e\" \/>\n\t<meta name=\"twitter:data2\" content=\"1 minute\" \/>\n<script type=\"application\/ld+json\" class=\"yoast-schema-graph\">{\"@context\":\"https:\\\/\\\/schema.org\",\"@graph\":[{\"@type\":\"Article\",\"@id\":\"https:\\\/\\\/ocdsavila2026.com\\\/fr\\\/volontaires\\\/#article\",\"isPartOf\":{\"@id\":\"https:\\\/\\\/ocdsavila2026.com\\\/fr\\\/volontaires\\\/\"},\"author\":{\"name\":\"admin\",\"@id\":\"https:\\\/\\\/ocdsavila2026.com\\\/fr\\\/#\\\/schema\\\/person\\\/93304ebced607cf69b78a116a3513457\"},\"headline\":\"T\u00e9moins de l&rsquo;espoir\",\"datePublished\":\"2025-11-23T01:29:28+00:00\",\"dateModified\":\"2025-11-25T23:38:13+00:00\",\"mainEntityOfPage\":{\"@id\":\"https:\\\/\\\/ocdsavila2026.com\\\/fr\\\/volontaires\\\/\"},\"wordCount\":290,\"publisher\":{\"@id\":\"https:\\\/\\\/ocdsavila2026.com\\\/fr\\\/#organization\"},\"image\":{\"@id\":\"https:\\\/\\\/ocdsavila2026.com\\\/fr\\\/volontaires\\\/#primaryimage\"},\"thumbnailUrl\":\"https:\\\/\\\/ocdsavila2026.com\\\/wp-content\\\/uploads\\\/2025\\\/08\\\/cover_ocdsitalia_02.2025.jpg\",\"articleSection\":[\"Pr\u00e9sentations\"],\"inLanguage\":\"fr-FR\"},{\"@type\":\"WebPage\",\"@id\":\"https:\\\/\\\/ocdsavila2026.com\\\/fr\\\/volontaires\\\/\",\"url\":\"https:\\\/\\\/ocdsavila2026.com\\\/fr\\\/volontaires\\\/\",\"name\":\"T\u00e9moins de l'espoir - OCDS 2026\",\"isPartOf\":{\"@id\":\"https:\\\/\\\/ocdsavila2026.com\\\/fr\\\/#website\"},\"primaryImageOfPage\":{\"@id\":\"https:\\\/\\\/ocdsavila2026.com\\\/fr\\\/volontaires\\\/#primaryimage\"},\"image\":{\"@id\":\"https:\\\/\\\/ocdsavila2026.com\\\/fr\\\/volontaires\\\/#primaryimage\"},\"thumbnailUrl\":\"https:\\\/\\\/ocdsavila2026.com\\\/wp-content\\\/uploads\\\/2025\\\/08\\\/cover_ocdsitalia_02.2025.jpg\",\"datePublished\":\"2025-11-23T01:29:28+00:00\",\"dateModified\":\"2025-11-25T23:38:13+00:00\",\"breadcrumb\":{\"@id\":\"https:\\\/\\\/ocdsavila2026.com\\\/fr\\\/volontaires\\\/#breadcrumb\"},\"inLanguage\":\"fr-FR\",\"potentialAction\":[{\"@type\":\"ReadAction\",\"target\":[\"https:\\\/\\\/ocdsavila2026.com\\\/fr\\\/volontaires\\\/\"]}]},{\"@type\":\"ImageObject\",\"inLanguage\":\"fr-FR\",\"@id\":\"https:\\\/\\\/ocdsavila2026.com\\\/fr\\\/volontaires\\\/#primaryimage\",\"url\":\"https:\\\/\\\/ocdsavila2026.com\\\/wp-content\\\/uploads\\\/2025\\\/08\\\/cover_ocdsitalia_02.2025.jpg\",\"contentUrl\":\"https:\\\/\\\/ocdsavila2026.com\\\/wp-content\\\/uploads\\\/2025\\\/08\\\/cover_ocdsitalia_02.2025.jpg\",\"width\":1200,\"height\":800},{\"@type\":\"BreadcrumbList\",\"@id\":\"https:\\\/\\\/ocdsavila2026.com\\\/fr\\\/volontaires\\\/#breadcrumb\",\"itemListElement\":[{\"@type\":\"ListItem\",\"position\":1,\"name\":\"Portada\",\"item\":\"https:\\\/\\\/ocdsavila2026.com\\\/fr\\\/\"},{\"@type\":\"ListItem\",\"position\":2,\"name\":\"T\u00e9moins de l&#8217;espoir\"}]},{\"@type\":\"WebSite\",\"@id\":\"https:\\\/\\\/ocdsavila2026.com\\\/fr\\\/#website\",\"url\":\"https:\\\/\\\/ocdsavila2026.com\\\/fr\\\/\",\"name\":\"OCDS 2026\",\"description\":\"Encuentro Mundial OCDS 2026\",\"publisher\":{\"@id\":\"https:\\\/\\\/ocdsavila2026.com\\\/fr\\\/#organization\"},\"potentialAction\":[{\"@type\":\"SearchAction\",\"target\":{\"@type\":\"EntryPoint\",\"urlTemplate\":\"https:\\\/\\\/ocdsavila2026.com\\\/fr\\\/?s={search_term_string}\"},\"query-input\":{\"@type\":\"PropertyValueSpecification\",\"valueRequired\":true,\"valueName\":\"search_term_string\"}}],\"inLanguage\":\"fr-FR\"},{\"@type\":\"Organization\",\"@id\":\"https:\\\/\\\/ocdsavila2026.com\\\/fr\\\/#organization\",\"name\":\"Carmelitas descalzos\",\"url\":\"https:\\\/\\\/ocdsavila2026.com\\\/fr\\\/\",\"logo\":{\"@type\":\"ImageObject\",\"inLanguage\":\"fr-FR\",\"@id\":\"https:\\\/\\\/ocdsavila2026.com\\\/fr\\\/#\\\/schema\\\/logo\\\/image\\\/\",\"url\":\"https:\\\/\\\/ocdsavila2026.com\\\/wp-content\\\/uploads\\\/2026\\\/01\\\/logoiberica-scaled-1.png\",\"contentUrl\":\"https:\\\/\\\/ocdsavila2026.com\\\/wp-content\\\/uploads\\\/2026\\\/01\\\/logoiberica-scaled-1.png\",\"width\":2560,\"height\":2560,\"caption\":\"Carmelitas descalzos\"},\"image\":{\"@id\":\"https:\\\/\\\/ocdsavila2026.com\\\/fr\\\/#\\\/schema\\\/logo\\\/image\\\/\"}},{\"@type\":\"Person\",\"@id\":\"https:\\\/\\\/ocdsavila2026.com\\\/fr\\\/#\\\/schema\\\/person\\\/93304ebced607cf69b78a116a3513457\",\"name\":\"admin\",\"image\":{\"@type\":\"ImageObject\",\"inLanguage\":\"fr-FR\",\"@id\":\"https:\\\/\\\/secure.gravatar.com\\\/avatar\\\/948b492cce32b586ac2db0eaa926ee87024f7afe218d73b397ea5ddfc5f43ea1?s=96&d=mm&r=g\",\"url\":\"https:\\\/\\\/secure.gravatar.com\\\/avatar\\\/948b492cce32b586ac2db0eaa926ee87024f7afe218d73b397ea5ddfc5f43ea1?s=96&d=mm&r=g\",\"contentUrl\":\"https:\\\/\\\/secure.gravatar.com\\\/avatar\\\/948b492cce32b586ac2db0eaa926ee87024f7afe218d73b397ea5ddfc5f43ea1?s=96&d=mm&r=g\",\"caption\":\"admin\"},\"sameAs\":[\"https:\\\/\\\/ocdsavila2026.com\"],\"url\":\"https:\\\/\\\/ocdsavila2026.com\\\/fr\\\/author\\\/sjdigital\\\/\"}]}<\/script>\n<!-- \/ Yoast SEO plugin. -->","yoast_head_json":{"title":"T\u00e9moins de l'espoir - OCDS 2026","robots":{"index":"index","follow":"follow","max-snippet":"max-snippet:-1","max-image-preview":"max-image-preview:large","max-video-preview":"max-video-preview:-1"},"canonical":"https:\/\/ocdsavila2026.com\/fr\/volontaires\/","og_locale":"fr_FR","og_type":"article","og_title":"T\u00e9moins de l'espoir - OCDS 2026","og_description":"\"Il ne s'agit pas de penser beaucoup, mais d'aimer beaucoup ; et donc, tout ce qui \u00e9veille l'amour, cela se fait. [Car c'est pour cela que le Seigneur nous a cr\u00e9\u00e9s : pour \u00eatre des saints\". (Sainte Th\u00e9r\u00e8se de J\u00e9sus, C.P. 4,4)","og_url":"https:\/\/ocdsavila2026.com\/fr\/volontaires\/","og_site_name":"OCDS 2026","article_published_time":"2025-11-23T01:29:28+00:00","article_modified_time":"2025-11-25T23:38:13+00:00","og_image":[{"width":1200,"height":800,"url":"https:\/\/ocdsavila2026.com\/wp-content\/uploads\/2025\/08\/cover_ocdsitalia_02.2025.jpg","type":"image\/jpeg"}],"author":"admin","twitter_card":"summary_large_image","twitter_misc":{"\u00c9crit par":"admin","Dur\u00e9e de lecture estim\u00e9e":"1 minute"},"schema":{"@context":"https:\/\/schema.org","@graph":[{"@type":"Article","@id":"https:\/\/ocdsavila2026.com\/fr\/volontaires\/#article","isPartOf":{"@id":"https:\/\/ocdsavila2026.com\/fr\/volontaires\/"},"author":{"name":"admin","@id":"https:\/\/ocdsavila2026.com\/fr\/#\/schema\/person\/93304ebced607cf69b78a116a3513457"},"headline":"T\u00e9moins de l&rsquo;espoir","datePublished":"2025-11-23T01:29:28+00:00","dateModified":"2025-11-25T23:38:13+00:00","mainEntityOfPage":{"@id":"https:\/\/ocdsavila2026.com\/fr\/volontaires\/"},"wordCount":290,"publisher":{"@id":"https:\/\/ocdsavila2026.com\/fr\/#organization"},"image":{"@id":"https:\/\/ocdsavila2026.com\/fr\/volontaires\/#primaryimage"},"thumbnailUrl":"https:\/\/ocdsavila2026.com\/wp-content\/uploads\/2025\/08\/cover_ocdsitalia_02.2025.jpg","articleSection":["Pr\u00e9sentations"],"inLanguage":"fr-FR"},{"@type":"WebPage","@id":"https:\/\/ocdsavila2026.com\/fr\/volontaires\/","url":"https:\/\/ocdsavila2026.com\/fr\/volontaires\/","name":"T\u00e9moins de l'espoir - OCDS 2026","isPartOf":{"@id":"https:\/\/ocdsavila2026.com\/fr\/#website"},"primaryImageOfPage":{"@id":"https:\/\/ocdsavila2026.com\/fr\/volontaires\/#primaryimage"},"image":{"@id":"https:\/\/ocdsavila2026.com\/fr\/volontaires\/#primaryimage"},"thumbnailUrl":"https:\/\/ocdsavila2026.com\/wp-content\/uploads\/2025\/08\/cover_ocdsitalia_02.2025.jpg","datePublished":"2025-11-23T01:29:28+00:00","dateModified":"2025-11-25T23:38:13+00:00","breadcrumb":{"@id":"https:\/\/ocdsavila2026.com\/fr\/volontaires\/#breadcrumb"},"inLanguage":"fr-FR","potentialAction":[{"@type":"ReadAction","target":["https:\/\/ocdsavila2026.com\/fr\/volontaires\/"]}]},{"@type":"ImageObject","inLanguage":"fr-FR","@id":"https:\/\/ocdsavila2026.com\/fr\/volontaires\/#primaryimage","url":"https:\/\/ocdsavila2026.com\/wp-content\/uploads\/2025\/08\/cover_ocdsitalia_02.2025.jpg","contentUrl":"https:\/\/ocdsavila2026.com\/wp-content\/uploads\/2025\/08\/cover_ocdsitalia_02.2025.jpg","width":1200,"height":800},{"@type":"BreadcrumbList","@id":"https:\/\/ocdsavila2026.com\/fr\/volontaires\/#breadcrumb","itemListElement":[{"@type":"ListItem","position":1,"name":"Portada","item":"https:\/\/ocdsavila2026.com\/fr\/"},{"@type":"ListItem","position":2,"name":"T\u00e9moins de l&#8217;espoir"}]},{"@type":"WebSite","@id":"https:\/\/ocdsavila2026.com\/fr\/#website","url":"https:\/\/ocdsavila2026.com\/fr\/","name":"OCDS 2026","description":"Encuentro Mundial OCDS 2026","publisher":{"@id":"https:\/\/ocdsavila2026.com\/fr\/#organization"},"potentialAction":[{"@type":"SearchAction","target":{"@type":"EntryPoint","urlTemplate":"https:\/\/ocdsavila2026.com\/fr\/?s={search_term_string}"},"query-input":{"@type":"PropertyValueSpecification","valueRequired":true,"valueName":"search_term_string"}}],"inLanguage":"fr-FR"},{"@type":"Organization","@id":"https:\/\/ocdsavila2026.com\/fr\/#organization","name":"Carmelitas descalzos","url":"https:\/\/ocdsavila2026.com\/fr\/","logo":{"@type":"ImageObject","inLanguage":"fr-FR","@id":"https:\/\/ocdsavila2026.com\/fr\/#\/schema\/logo\/image\/","url":"https:\/\/ocdsavila2026.com\/wp-content\/uploads\/2026\/01\/logoiberica-scaled-1.png","contentUrl":"https:\/\/ocdsavila2026.com\/wp-content\/uploads\/2026\/01\/logoiberica-scaled-1.png","width":2560,"height":2560,"caption":"Carmelitas descalzos"},"image":{"@id":"https:\/\/ocdsavila2026.com\/fr\/#\/schema\/logo\/image\/"}},{"@type":"Person","@id":"https:\/\/ocdsavila2026.com\/fr\/#\/schema\/person\/93304ebced607cf69b78a116a3513457","name":"admin","image":{"@type":"ImageObject","inLanguage":"fr-FR","@id":"https:\/\/secure.gravatar.com\/avatar\/948b492cce32b586ac2db0eaa926ee87024f7afe218d73b397ea5ddfc5f43ea1?s=96&d=mm&r=g","url":"https:\/\/secure.gravatar.com\/avatar\/948b492cce32b586ac2db0eaa926ee87024f7afe218d73b397ea5ddfc5f43ea1?s=96&d=mm&r=g","contentUrl":"https:\/\/secure.gravatar.com\/avatar\/948b492cce32b586ac2db0eaa926ee87024f7afe218d73b397ea5ddfc5f43ea1?s=96&d=mm&r=g","caption":"admin"},"sameAs":["https:\/\/ocdsavila2026.com"],"url":"https:\/\/ocdsavila2026.com\/fr\/author\/sjdigital\/"}]}},"_links":{"self":[{"href":"https:\/\/ocdsavila2026.com\/fr\/wp-json\/wp\/v2\/posts\/1257","targetHints":{"allow":["GET"]}}],"collection":[{"href":"https:\/\/ocdsavila2026.com\/fr\/wp-json\/wp\/v2\/posts"}],"about":[{"href":"https:\/\/ocdsavila2026.com\/fr\/wp-json\/wp\/v2\/types\/post"}],"author":[{"embeddable":true,"href":"https:\/\/ocdsavila2026.com\/fr\/wp-json\/wp\/v2\/users\/1"}],"replies":[{"embeddable":true,"href":"https:\/\/ocdsavila2026.com\/fr\/wp-json\/wp\/v2\/comments?post=1257"}],"version-history":[{"count":10,"href":"https:\/\/ocdsavila2026.com\/fr\/wp-json\/wp\/v2\/posts\/1257\/revisions"}],"predecessor-version":[{"id":2424,"href":"https:\/\/ocdsavila2026.com\/fr\/wp-json\/wp\/v2\/posts\/1257\/revisions\/2424"}],"wp:featuredmedia":[{"embeddable":true,"href":"https:\/\/ocdsavila2026.com\/fr\/wp-json\/wp\/v2\/media\/1640"}],"wp:attachment":[{"href":"https:\/\/ocdsavila2026.com\/fr\/wp-json\/wp\/v2\/media?parent=1257"}],"wp:term":[{"taxonomy":"category","embeddable":true,"href":"https:\/\/ocdsavila2026.com\/fr\/wp-json\/wp\/v2\/categories?post=1257"},{"taxonomy":"post_tag","embeddable":true,"href":"https:\/\/ocdsavila2026.com\/fr\/wp-json\/wp\/v2\/tags?post=1257"}],"curies":[{"name":"wp","href":"https:\/\/api.w.org\/{rel}","templated":true}]}}