{"id":4016,"date":"2026-07-02T21:06:24","date_gmt":"2026-07-02T19:06:24","guid":{"rendered":"https:\/\/ocdsavila2026.com\/?p=4016"},"modified":"2026-08-03T22:49:11","modified_gmt":"2026-08-03T20:49:11","slug":"chroniques-quotidiennes","status":"publish","type":"post","link":"https:\/\/ocdsavila2026.com\/fr\/chroniques-quotidiennes\/","title":{"rendered":"Chroniques quotidiennes"},"content":{"rendered":"\n<p class=\"has-vivid-red-color has-text-color has-link-color has-medium-font-size wp-elements-1 wp-block-paragraph\"><strong>23 juillet 2026<\/strong><\/p>\n\n\n\n<p class=\"has-text-color has-link-color wp-elements-2 wp-block-paragraph\" style=\"color:#074486\">La premi\u00e8re journ\u00e9e de la Rencontre Mondiale de l\u2019OCDS \u00e0 \u00c1vila s\u2019est d\u00e9roul\u00e9e dans une atmosph\u00e8re de joie, de fraternit\u00e9 et de communion entre des participants venus de plus de 80 pays. Les autorit\u00e9s civiles et religieuses ont souhait\u00e9 la bienvenue \u00e0 l\u2019assembl\u00e9e, soulignant l\u2019importance du charisme th\u00e9r\u00e9sien pour l\u2019\u00c9glise et le monde. Le P. Miguel M\u00e1rquez, Pr\u00e9pos\u00e9 G\u00e9n\u00e9ral des Carmes D\u00e9chaux, a officiellement ouvert la Rencontre en rappelant que l\u2019Ordre est une seule famille compos\u00e9e de fr\u00e8res, de moniales et de la\u00efcs.<\/p>\n\n\n\n<p class=\"has-text-color has-link-color wp-elements-3 wp-block-paragraph\" style=\"color:#074486\">Au cours de l\u2019Eucharistie d\u2019ouverture, le P. Miguel a invit\u00e9 chacun \u00e0 renouveler sa passion pour le Christ et \u00e0 se laisser transformer par son amour. Dans sa conf\u00e9rence sur l\u2019identit\u00e9 du Carm\u00e9lite S\u00e9culier, il a soulign\u00e9 que cette identit\u00e9 est dynamique et se renouvelle constamment \u00e0 travers la pri\u00e8re, la formation, le discernement, l\u2019amiti\u00e9 et le service. Il a encourag\u00e9 une meilleure communication, le travail en \u00e9quipe et la coresponsabilit\u00e9, rappelant que le c\u0153ur de la spiritualit\u00e9 carm\u00e9litaine est de \u00ab se laisser aimer \u00bb par Dieu.<\/p>\n\n\n\n<p class=\"has-text-color has-link-color wp-elements-4 wp-block-paragraph\" style=\"color:#074486\">L\u2019apr\u00e8s-midi, Linda Levi a d\u00e9velopp\u00e9 le th\u00e8me du sens de l\u2019appartenance et de la coresponsabilit\u00e9 comme piliers de la vie communautaire, tandis qu\u2019Angela Vel a pr\u00e9sent\u00e9 la formation initiale et permanente comme un chemin de transformation continue dans le Christ, enracin\u00e9 dans la pri\u00e8re et le charisme th\u00e9r\u00e9sien. La journ\u00e9e s\u2019est achev\u00e9e par une profonde Adoration eucharistique guid\u00e9e par le P. Luis Jorge Gonz\u00e1lez, invitant chacun \u00e0 vivre l\u2019exp\u00e9rience de sainte Th\u00e9r\u00e8se : \u00abRegarde Celui qui te regarde.\u00bb<\/p>\n\n\n\n<p class=\"has-text-align-center has-text-color has-link-color wp-elements-5 wp-block-paragraph\" style=\"color:#074486\"><strong>Cliquez sur le bouton orange pour acc\u00e9der au compte rendu complet.<\/strong><\/p>\n\n\n\n<div class=\"wp-block-buttons is-layout-flex wp-block-buttons-is-layout-flex\">\n<div class=\"wp-block-button has-custom-width wp-block-button__width-50\"><a class=\"wp-block-button__link has-black-color has-text-color has-background has-link-color has-medium-font-size has-custom-font-size wp-element-button\" href=\"https:\/\/drive.google.com\/file\/d\/1sRsWNet2jJPj1623dMxN8UkB022yk1Sx\/view?usp=drive_link\" style=\"background:radial-gradient(rgb(252,185,0) 0%,rgb(255,105,0) 100%);box-shadow:var(--wp--preset--shadow--natural)\"><strong>CHRONIQUE DU 23 JUILLET 2026<\/strong><\/a><\/div>\n<\/div>\n\n\n\n<p class=\"wp-block-paragraph\"><\/p>\n\n\n\n<p class=\"has-vivid-red-color has-text-color has-link-color has-medium-font-size wp-elements-6 wp-block-paragraph\"><strong>24 juillet 2026<\/strong><\/p>\n\n\n\n<p class=\"has-text-color has-link-color wp-elements-7 wp-block-paragraph\" style=\"color:#074486\">La deuxi\u00e8me journ\u00e9e de la Rencontre Mondiale de l'Ordre des Carmes D\u00e9chaux S\u00e9culiers (OCDS) s'est d\u00e9roul\u00e9e dans une atmosph\u00e8re de fraternit\u00e9 grandissante, de joie et de communion entre des participants venus des cinq continents. La journ\u00e9e a commenc\u00e9 par la c\u00e9l\u00e9bration de la Sainte Eucharistie, suivie de deux conf\u00e9rences inspirantes : le P. Alzinir Debastiani, OCD, a pr\u00e9sent\u00e9 la pastorale de l'OCDS, tandis que Manuel V\u00e1squez, OCDS (\u00c9quateur), a soulign\u00e9 l'importance de construire d'authentiques communaut\u00e9s th\u00e9r\u00e9siennes centr\u00e9es sur le Christ, la pri\u00e8re, la fraternit\u00e9 et la mission.<\/p>\n\n\n\n<p class=\"has-text-color has-link-color wp-elements-8 wp-block-paragraph\" style=\"color:#074486\">Les Carm\u00e9lites D\u00e9chauss\u00e9es de Puebla (Mexique) ont adress\u00e9 un message \u00e9mouvant de proximit\u00e9, assurant tous les participants de leur pri\u00e8re constante. Le d\u00e9jeuner fraternel et la photo de groupe devant les remparts d'\u00c1vila ont renforc\u00e9 les liens entre les participants venus du monde entier.<\/p>\n\n\n\n<p class=\"has-text-color has-link-color wp-elements-9 wp-block-paragraph\" style=\"color:#074486\">L'apr\u00e8s-midi a \u00e9t\u00e9 consacr\u00e9 \u00e0 l'Interaction Culturelle de l'OCDS, avec des chants et des danses traditionnels de la Pologne, de l'Inde, du Br\u00e9sil, des Philippines et du Mexique, entrecoup\u00e9s de moments de danse contemplative qui ont transform\u00e9 la f\u00eate en v\u00e9ritable pri\u00e8re. La journ\u00e9e s'est achev\u00e9e par une profonde Heure Sainte et l'Adoration Eucharistique, anim\u00e9es par S\u0153ur Alexandra Triana, OCD, dans un climat de silence, de recueillement et d'action de gr\u00e2ce pour les nombreuses gr\u00e2ces re\u00e7ues tout au long de cette magnifique journ\u00e9e.<\/p>\n\n\n\n<p class=\"has-text-align-center has-text-color has-link-color wp-elements-10 wp-block-paragraph\" style=\"color:#074486\"><strong>Cliquez sur le bouton orange pour acc\u00e9der au compte rendu complet.<\/strong><\/p>\n\n\n\n<div class=\"wp-block-buttons is-layout-flex wp-block-buttons-is-layout-flex\">\n<div class=\"wp-block-button has-custom-width wp-block-button__width-50\"><a class=\"wp-block-button__link has-black-color has-text-color has-background has-link-color has-medium-font-size has-custom-font-size wp-element-button\" href=\"https:\/\/drive.google.com\/file\/d\/10YGVKzf9toUOkp5Bsp2uY1Wl5qwakGpZ\/view?usp=drive_link\" style=\"background:radial-gradient(rgb(252,185,0) 0%,rgb(255,105,0) 100%);box-shadow:var(--wp--preset--shadow--natural)\"><strong>CHRONIQUE DU 24 JUILLET 2026<\/strong><\/a><\/div>\n<\/div>\n\n\n\n<p class=\"wp-block-paragraph\"><\/p>\n\n\n\n<p class=\"has-vivid-red-color has-text-color has-link-color has-medium-font-size wp-elements-11 wp-block-paragraph\"><strong>25 juillet 2026<\/strong><\/p>\n\n\n\n<p class=\"has-text-color has-link-color wp-elements-12 wp-block-paragraph\" style=\"color:#074486\">La troisi\u00e8me journ\u00e9e de la Rencontre Mondiale de l'OCDS a \u00e9t\u00e9 marqu\u00e9e par une profonde exp\u00e9rience de communion, de formation et de joie fraternelle. La journ\u00e9e a commenc\u00e9 par la c\u00e9l\u00e9bration de la Sainte Eucharistie, pr\u00e9sid\u00e9e par le <strong>P. Aldo Formentin, OCD<\/strong>, suivie d'un message vid\u00e9o des Carm\u00e9lites du Carmel de la Transfiguration du Havre (France). Les conf\u00e9rences inspirantes de <strong>Zinaha Voahanginiana, OCDS (Madagascar)<\/strong> et de <strong>Meg Ramos, OCDS (Philippines)<\/strong> ont invit\u00e9 les participants \u00e0 approfondir leur vie de pri\u00e8re, de fraternit\u00e9 et de mission, encourageant les Carmes D\u00e9chaux S\u00e9culiers \u00e0 devenir des contemplatifs au c\u0153ur du monde, dans un esprit de \u00ab fid\u00e9lit\u00e9 cr\u00e9ative \u00bb. Dans l'apr\u00e8s-midi, le <strong>P. Ramiro Casale, OCD<\/strong>, D\u00e9l\u00e9gu\u00e9 G\u00e9n\u00e9ral pour l'OCDS, a pr\u00e9sent\u00e9 les d\u00e9fis et les perspectives d'avenir de l'Ordre S\u00e9culier, en soulignant les projets en cours et la responsabilit\u00e9 de transmettre vivant le charisme th\u00e9r\u00e9sien aux g\u00e9n\u00e9rations futures. La journ\u00e9e s'est poursuivie par un dialogue enrichissant avec les membres du D\u00e9finitoire G\u00e9n\u00e9ral, fond\u00e9 sur les r\u00e9sultats de la consultation mondiale des communaut\u00e9s OCDS. Elle s'est achev\u00e9e par un temps \u00e9mouvant d'adoration eucharistique, suivi d'une joyeuse soir\u00e9e flamenca au CITeS, o\u00f9 les participants ont c\u00e9l\u00e9br\u00e9 leur unit\u00e9 comme une seule famille carm\u00e9litaine et rendu gr\u00e2ce \u00e0 Dieu pour les nombreuses gr\u00e2ces re\u00e7ues au cours de cette rencontre inoubliable.<\/p>\n\n\n\n<p class=\"has-text-align-center has-text-color has-link-color wp-elements-13 wp-block-paragraph\" style=\"color:#074486\"><strong>Cliquez sur le bouton orange pour acc\u00e9der au compte rendu complet.<\/strong><\/p>\n\n\n\n<div class=\"wp-block-buttons is-layout-flex wp-block-buttons-is-layout-flex\">\n<div class=\"wp-block-button has-custom-width wp-block-button__width-50\"><a class=\"wp-block-button__link has-black-color has-text-color has-background has-link-color has-medium-font-size has-custom-font-size wp-element-button\" href=\"https:\/\/drive.google.com\/file\/d\/15fdbI-CPy64_uQIOqMQowmNIwTiQflB_\/view?usp=drive_link\" style=\"background:radial-gradient(rgb(252,185,0) 0%,rgb(255,105,0) 100%);box-shadow:var(--wp--preset--shadow--natural)\"><strong>CHRONIQUE DU 25 JUILLET 2026<\/strong><\/a><\/div>\n<\/div>\n\n\n\n<p class=\"wp-block-paragraph\"><\/p>\n\n\n\n<p class=\"has-vivid-red-color has-text-color has-link-color has-medium-font-size wp-elements-14 wp-block-paragraph\"><strong>26 juillet 2026<\/strong><\/p>\n\n\n\n<p class=\"has-text-color has-link-color wp-elements-15 wp-block-paragraph\" style=\"color:#074486\">La derni\u00e8re journ\u00e9e de la Rencontre mondiale de l\u2019OCDS a \u00e9t\u00e9 marqu\u00e9e par des p\u00e8lerinages dans les principaux lieux th\u00e9r\u00e9siens et s\u2019est achev\u00e9e par la c\u00e9l\u00e9bration eucharistique de cl\u00f4ture dans la cath\u00e9drale d\u2019\u00c1vila. Les participants sont repartis avec une identit\u00e9 et une mission renouvel\u00e9es, remplis de gratitude et d\u00e9sireux de partager le charisme du Carmel avec le monde entier.<\/p>\n\n\n\n<p class=\"has-text-align-center has-text-color has-link-color wp-elements-16 wp-block-paragraph\" style=\"color:#074486\"><strong>Cliquez sur le bouton orange pour acc\u00e9der au compte rendu complet.<\/strong><\/p>\n\n\n\n<div class=\"wp-block-buttons is-layout-flex wp-block-buttons-is-layout-flex\">\n<div class=\"wp-block-button has-custom-width wp-block-button__width-50\"><a class=\"wp-block-button__link has-black-color has-text-color has-background has-link-color has-medium-font-size has-custom-font-size wp-element-button\" href=\"https:\/\/drive.google.com\/file\/d\/1ZvAWfhyKouTPJJ0wJkSyvWsvPIMLzEFW\/view?usp=drive_link\" style=\"background:radial-gradient(rgb(252,185,0) 0%,rgb(255,105,0) 100%);box-shadow:var(--wp--preset--shadow--natural)\"><strong>CHRONIQUE DU 26 JUILLET 2026<\/strong><\/a><\/div>\n<\/div>\n\n\n\n<p class=\"wp-block-paragraph\"><\/p>\n","protected":false},"excerpt":{"rendered":"<p>Chroniques quotidiennes de la Rencontre internationale OCDS d&rsquo;\u00c1vila 2026<\/p>\n","protected":false},"author":919,"featured_media":4017,"comment_status":"closed","ping_status":"closed","sticky":false,"template":"","format":"standard","meta":{"footnotes":""},"categories":[157],"tags":[],"class_list":["post-4016","post","type-post","status-publish","format-standard","has-post-thumbnail","hentry","category-nouvelles"],"yoast_head":"<!-- This site is optimized with the Yoast SEO plugin v28.4 - https:\/\/yoast.com\/product\/yoast-seo-wordpress\/ -->\n<title>Chroniques quotidiennes - OCDS 2026<\/title>\n<meta name=\"robots\" content=\"index, follow, max-snippet:-1, max-image-preview:large, max-video-preview:-1\" \/>\n<link rel=\"canonical\" href=\"https:\/\/ocdsavila2026.com\/fr\/chroniques-quotidiennes\/\" \/>\n<meta property=\"og:locale\" content=\"fr_FR\" \/>\n<meta property=\"og:type\" content=\"article\" \/>\n<meta property=\"og:title\" content=\"Chroniques quotidiennes - OCDS 2026\" \/>\n<meta property=\"og:description\" content=\"Chroniques quotidiennes de la Rencontre internationale OCDS d&#039;\u00c1vila 2026\" \/>\n<meta property=\"og:url\" content=\"https:\/\/ocdsavila2026.com\/fr\/chroniques-quotidiennes\/\" \/>\n<meta property=\"og:site_name\" content=\"OCDS 2026\" \/>\n<meta property=\"article:published_time\" content=\"2026-07-02T19:06:24+00:00\" \/>\n<meta property=\"article:modified_time\" content=\"2026-08-03T20:49:11+00:00\" \/>\n<meta property=\"og:image\" content=\"https:\/\/ocdsavila2026.com\/wp-content\/uploads\/2026\/07\/CRONICAS-ENCUENTRO-3.png\" \/>\n\t<meta property=\"og:image:width\" content=\"1402\" \/>\n\t<meta property=\"og:image:height\" content=\"1122\" \/>\n\t<meta property=\"og:image:type\" content=\"image\/png\" \/>\n<meta name=\"author\" content=\"Pilar Mijares\" \/>\n<meta name=\"twitter:card\" content=\"summary_large_image\" \/>\n<meta name=\"twitter:label1\" content=\"\u00c9crit par\" \/>\n\t<meta name=\"twitter:data1\" content=\"Pilar Mijares\" \/>\n\t<meta name=\"twitter:label2\" content=\"Dur\u00e9e de lecture estim\u00e9e\" \/>\n\t<meta name=\"twitter:data2\" content=\"4 minutes\" \/>\n<script type=\"application\/ld+json\" class=\"yoast-schema-graph\">{\"@context\":\"https:\\\/\\\/schema.org\",\"@graph\":[{\"@type\":\"Article\",\"@id\":\"https:\\\/\\\/ocdsavila2026.com\\\/fr\\\/chroniques-quotidiennes\\\/#article\",\"isPartOf\":{\"@id\":\"https:\\\/\\\/ocdsavila2026.com\\\/fr\\\/chroniques-quotidiennes\\\/\"},\"author\":{\"name\":\"Pilar Mijares\",\"@id\":\"https:\\\/\\\/ocdsavila2026.com\\\/fr\\\/#\\\/schema\\\/person\\\/ca7c4b2d6c1c7bc85f8f901a032b4d32\"},\"headline\":\"Chroniques quotidiennes\",\"datePublished\":\"2026-07-02T19:06:24+00:00\",\"dateModified\":\"2026-08-03T20:49:11+00:00\",\"mainEntityOfPage\":{\"@id\":\"https:\\\/\\\/ocdsavila2026.com\\\/fr\\\/chroniques-quotidiennes\\\/\"},\"wordCount\":958,\"publisher\":{\"@id\":\"https:\\\/\\\/ocdsavila2026.com\\\/fr\\\/#organization\"},\"image\":{\"@id\":\"https:\\\/\\\/ocdsavila2026.com\\\/fr\\\/chroniques-quotidiennes\\\/#primaryimage\"},\"thumbnailUrl\":\"https:\\\/\\\/ocdsavila2026.com\\\/wp-content\\\/uploads\\\/2026\\\/07\\\/CRONICAS-ENCUENTRO-3.png\",\"articleSection\":[\"NOUVELLES\"],\"inLanguage\":\"fr-FR\"},{\"@type\":\"WebPage\",\"@id\":\"https:\\\/\\\/ocdsavila2026.com\\\/fr\\\/chroniques-quotidiennes\\\/\",\"url\":\"https:\\\/\\\/ocdsavila2026.com\\\/fr\\\/chroniques-quotidiennes\\\/\",\"name\":\"Chroniques quotidiennes - OCDS 2026\",\"isPartOf\":{\"@id\":\"https:\\\/\\\/ocdsavila2026.com\\\/fr\\\/#website\"},\"primaryImageOfPage\":{\"@id\":\"https:\\\/\\\/ocdsavila2026.com\\\/fr\\\/chroniques-quotidiennes\\\/#primaryimage\"},\"image\":{\"@id\":\"https:\\\/\\\/ocdsavila2026.com\\\/fr\\\/chroniques-quotidiennes\\\/#primaryimage\"},\"thumbnailUrl\":\"https:\\\/\\\/ocdsavila2026.com\\\/wp-content\\\/uploads\\\/2026\\\/07\\\/CRONICAS-ENCUENTRO-3.png\",\"datePublished\":\"2026-07-02T19:06:24+00:00\",\"dateModified\":\"2026-08-03T20:49:11+00:00\",\"breadcrumb\":{\"@id\":\"https:\\\/\\\/ocdsavila2026.com\\\/fr\\\/chroniques-quotidiennes\\\/#breadcrumb\"},\"inLanguage\":\"fr-FR\",\"potentialAction\":[{\"@type\":\"ReadAction\",\"target\":[\"https:\\\/\\\/ocdsavila2026.com\\\/fr\\\/chroniques-quotidiennes\\\/\"]}]},{\"@type\":\"ImageObject\",\"inLanguage\":\"fr-FR\",\"@id\":\"https:\\\/\\\/ocdsavila2026.com\\\/fr\\\/chroniques-quotidiennes\\\/#primaryimage\",\"url\":\"https:\\\/\\\/ocdsavila2026.com\\\/wp-content\\\/uploads\\\/2026\\\/07\\\/CRONICAS-ENCUENTRO-3.png\",\"contentUrl\":\"https:\\\/\\\/ocdsavila2026.com\\\/wp-content\\\/uploads\\\/2026\\\/07\\\/CRONICAS-ENCUENTRO-3.png\",\"width\":1402,\"height\":1122},{\"@type\":\"BreadcrumbList\",\"@id\":\"https:\\\/\\\/ocdsavila2026.com\\\/fr\\\/chroniques-quotidiennes\\\/#breadcrumb\",\"itemListElement\":[{\"@type\":\"ListItem\",\"position\":1,\"name\":\"Portada\",\"item\":\"https:\\\/\\\/ocdsavila2026.com\\\/fr\\\/\"},{\"@type\":\"ListItem\",\"position\":2,\"name\":\"Chroniques quotidiennes\"}]},{\"@type\":\"WebSite\",\"@id\":\"https:\\\/\\\/ocdsavila2026.com\\\/fr\\\/#website\",\"url\":\"https:\\\/\\\/ocdsavila2026.com\\\/fr\\\/\",\"name\":\"OCDS 2026\",\"description\":\"Encuentro Mundial OCDS 2026\",\"publisher\":{\"@id\":\"https:\\\/\\\/ocdsavila2026.com\\\/fr\\\/#organization\"},\"potentialAction\":[{\"@type\":\"SearchAction\",\"target\":{\"@type\":\"EntryPoint\",\"urlTemplate\":\"https:\\\/\\\/ocdsavila2026.com\\\/fr\\\/?s={search_term_string}\"},\"query-input\":{\"@type\":\"PropertyValueSpecification\",\"valueRequired\":true,\"valueName\":\"search_term_string\"}}],\"inLanguage\":\"fr-FR\"},{\"@type\":\"Organization\",\"@id\":\"https:\\\/\\\/ocdsavila2026.com\\\/fr\\\/#organization\",\"name\":\"Carmelitas descalzos\",\"url\":\"https:\\\/\\\/ocdsavila2026.com\\\/fr\\\/\",\"logo\":{\"@type\":\"ImageObject\",\"inLanguage\":\"fr-FR\",\"@id\":\"https:\\\/\\\/ocdsavila2026.com\\\/fr\\\/#\\\/schema\\\/logo\\\/image\\\/\",\"url\":\"https:\\\/\\\/ocdsavila2026.com\\\/wp-content\\\/uploads\\\/2026\\\/01\\\/logoiberica-scaled-1.png\",\"contentUrl\":\"https:\\\/\\\/ocdsavila2026.com\\\/wp-content\\\/uploads\\\/2026\\\/01\\\/logoiberica-scaled-1.png\",\"width\":2560,\"height\":2560,\"caption\":\"Carmelitas descalzos\"},\"image\":{\"@id\":\"https:\\\/\\\/ocdsavila2026.com\\\/fr\\\/#\\\/schema\\\/logo\\\/image\\\/\"}},{\"@type\":\"Person\",\"@id\":\"https:\\\/\\\/ocdsavila2026.com\\\/fr\\\/#\\\/schema\\\/person\\\/ca7c4b2d6c1c7bc85f8f901a032b4d32\",\"name\":\"Pilar Mijares\",\"image\":{\"@type\":\"ImageObject\",\"inLanguage\":\"fr-FR\",\"@id\":\"https:\\\/\\\/secure.gravatar.com\\\/avatar\\\/392ebc502797de6506dfac803e3b9b9e882d592f560c21c2526c9bf0d27c9273?s=96&d=mm&r=g\",\"url\":\"https:\\\/\\\/secure.gravatar.com\\\/avatar\\\/392ebc502797de6506dfac803e3b9b9e882d592f560c21c2526c9bf0d27c9273?s=96&d=mm&r=g\",\"contentUrl\":\"https:\\\/\\\/secure.gravatar.com\\\/avatar\\\/392ebc502797de6506dfac803e3b9b9e882d592f560c21c2526c9bf0d27c9273?s=96&d=mm&r=g\",\"caption\":\"Pilar Mijares\"},\"url\":\"https:\\\/\\\/ocdsavila2026.com\\\/fr\\\/author\\\/pilar\\\/\"}]}<\/script>\n<!-- \/ Yoast SEO plugin. -->","yoast_head_json":{"title":"Chroniques quotidiennes - OCDS 2026","robots":{"index":"index","follow":"follow","max-snippet":"max-snippet:-1","max-image-preview":"max-image-preview:large","max-video-preview":"max-video-preview:-1"},"canonical":"https:\/\/ocdsavila2026.com\/fr\/chroniques-quotidiennes\/","og_locale":"fr_FR","og_type":"article","og_title":"Chroniques quotidiennes - OCDS 2026","og_description":"Chroniques quotidiennes de la Rencontre internationale OCDS d'\u00c1vila 2026","og_url":"https:\/\/ocdsavila2026.com\/fr\/chroniques-quotidiennes\/","og_site_name":"OCDS 2026","article_published_time":"2026-07-02T19:06:24+00:00","article_modified_time":"2026-08-03T20:49:11+00:00","og_image":[{"width":1402,"height":1122,"url":"https:\/\/ocdsavila2026.com\/wp-content\/uploads\/2026\/07\/CRONICAS-ENCUENTRO-3.png","type":"image\/png"}],"author":"Pilar Mijares","twitter_card":"summary_large_image","twitter_misc":{"\u00c9crit par":"Pilar Mijares","Dur\u00e9e de lecture estim\u00e9e":"4 minutes"},"schema":{"@context":"https:\/\/schema.org","@graph":[{"@type":"Article","@id":"https:\/\/ocdsavila2026.com\/fr\/chroniques-quotidiennes\/#article","isPartOf":{"@id":"https:\/\/ocdsavila2026.com\/fr\/chroniques-quotidiennes\/"},"author":{"name":"Pilar Mijares","@id":"https:\/\/ocdsavila2026.com\/fr\/#\/schema\/person\/ca7c4b2d6c1c7bc85f8f901a032b4d32"},"headline":"Chroniques quotidiennes","datePublished":"2026-07-02T19:06:24+00:00","dateModified":"2026-08-03T20:49:11+00:00","mainEntityOfPage":{"@id":"https:\/\/ocdsavila2026.com\/fr\/chroniques-quotidiennes\/"},"wordCount":958,"publisher":{"@id":"https:\/\/ocdsavila2026.com\/fr\/#organization"},"image":{"@id":"https:\/\/ocdsavila2026.com\/fr\/chroniques-quotidiennes\/#primaryimage"},"thumbnailUrl":"https:\/\/ocdsavila2026.com\/wp-content\/uploads\/2026\/07\/CRONICAS-ENCUENTRO-3.png","articleSection":["NOUVELLES"],"inLanguage":"fr-FR"},{"@type":"WebPage","@id":"https:\/\/ocdsavila2026.com\/fr\/chroniques-quotidiennes\/","url":"https:\/\/ocdsavila2026.com\/fr\/chroniques-quotidiennes\/","name":"Chroniques quotidiennes - OCDS 2026","isPartOf":{"@id":"https:\/\/ocdsavila2026.com\/fr\/#website"},"primaryImageOfPage":{"@id":"https:\/\/ocdsavila2026.com\/fr\/chroniques-quotidiennes\/#primaryimage"},"image":{"@id":"https:\/\/ocdsavila2026.com\/fr\/chroniques-quotidiennes\/#primaryimage"},"thumbnailUrl":"https:\/\/ocdsavila2026.com\/wp-content\/uploads\/2026\/07\/CRONICAS-ENCUENTRO-3.png","datePublished":"2026-07-02T19:06:24+00:00","dateModified":"2026-08-03T20:49:11+00:00","breadcrumb":{"@id":"https:\/\/ocdsavila2026.com\/fr\/chroniques-quotidiennes\/#breadcrumb"},"inLanguage":"fr-FR","potentialAction":[{"@type":"ReadAction","target":["https:\/\/ocdsavila2026.com\/fr\/chroniques-quotidiennes\/"]}]},{"@type":"ImageObject","inLanguage":"fr-FR","@id":"https:\/\/ocdsavila2026.com\/fr\/chroniques-quotidiennes\/#primaryimage","url":"https:\/\/ocdsavila2026.com\/wp-content\/uploads\/2026\/07\/CRONICAS-ENCUENTRO-3.png","contentUrl":"https:\/\/ocdsavila2026.com\/wp-content\/uploads\/2026\/07\/CRONICAS-ENCUENTRO-3.png","width":1402,"height":1122},{"@type":"BreadcrumbList","@id":"https:\/\/ocdsavila2026.com\/fr\/chroniques-quotidiennes\/#breadcrumb","itemListElement":[{"@type":"ListItem","position":1,"name":"Portada","item":"https:\/\/ocdsavila2026.com\/fr\/"},{"@type":"ListItem","position":2,"name":"Chroniques quotidiennes"}]},{"@type":"WebSite","@id":"https:\/\/ocdsavila2026.com\/fr\/#website","url":"https:\/\/ocdsavila2026.com\/fr\/","name":"OCDS 2026","description":"Encuentro Mundial OCDS 2026","publisher":{"@id":"https:\/\/ocdsavila2026.com\/fr\/#organization"},"potentialAction":[{"@type":"SearchAction","target":{"@type":"EntryPoint","urlTemplate":"https:\/\/ocdsavila2026.com\/fr\/?s={search_term_string}"},"query-input":{"@type":"PropertyValueSpecification","valueRequired":true,"valueName":"search_term_string"}}],"inLanguage":"fr-FR"},{"@type":"Organization","@id":"https:\/\/ocdsavila2026.com\/fr\/#organization","name":"Carmelitas descalzos","url":"https:\/\/ocdsavila2026.com\/fr\/","logo":{"@type":"ImageObject","inLanguage":"fr-FR","@id":"https:\/\/ocdsavila2026.com\/fr\/#\/schema\/logo\/image\/","url":"https:\/\/ocdsavila2026.com\/wp-content\/uploads\/2026\/01\/logoiberica-scaled-1.png","contentUrl":"https:\/\/ocdsavila2026.com\/wp-content\/uploads\/2026\/01\/logoiberica-scaled-1.png","width":2560,"height":2560,"caption":"Carmelitas descalzos"},"image":{"@id":"https:\/\/ocdsavila2026.com\/fr\/#\/schema\/logo\/image\/"}},{"@type":"Person","@id":"https:\/\/ocdsavila2026.com\/fr\/#\/schema\/person\/ca7c4b2d6c1c7bc85f8f901a032b4d32","name":"Pilar Mijares","image":{"@type":"ImageObject","inLanguage":"fr-FR","@id":"https:\/\/secure.gravatar.com\/avatar\/392ebc502797de6506dfac803e3b9b9e882d592f560c21c2526c9bf0d27c9273?s=96&d=mm&r=g","url":"https:\/\/secure.gravatar.com\/avatar\/392ebc502797de6506dfac803e3b9b9e882d592f560c21c2526c9bf0d27c9273?s=96&d=mm&r=g","contentUrl":"https:\/\/secure.gravatar.com\/avatar\/392ebc502797de6506dfac803e3b9b9e882d592f560c21c2526c9bf0d27c9273?s=96&d=mm&r=g","caption":"Pilar Mijares"},"url":"https:\/\/ocdsavila2026.com\/fr\/author\/pilar\/"}]}},"_links":{"self":[{"href":"https:\/\/ocdsavila2026.com\/fr\/wp-json\/wp\/v2\/posts\/4016","targetHints":{"allow":["GET"]}}],"collection":[{"href":"https:\/\/ocdsavila2026.com\/fr\/wp-json\/wp\/v2\/posts"}],"about":[{"href":"https:\/\/ocdsavila2026.com\/fr\/wp-json\/wp\/v2\/types\/post"}],"author":[{"embeddable":true,"href":"https:\/\/ocdsavila2026.com\/fr\/wp-json\/wp\/v2\/users\/919"}],"replies":[{"embeddable":true,"href":"https:\/\/ocdsavila2026.com\/fr\/wp-json\/wp\/v2\/comments?post=4016"}],"version-history":[{"count":9,"href":"https:\/\/ocdsavila2026.com\/fr\/wp-json\/wp\/v2\/posts\/4016\/revisions"}],"predecessor-version":[{"id":4550,"href":"https:\/\/ocdsavila2026.com\/fr\/wp-json\/wp\/v2\/posts\/4016\/revisions\/4550"}],"wp:featuredmedia":[{"embeddable":true,"href":"https:\/\/ocdsavila2026.com\/fr\/wp-json\/wp\/v2\/media\/4017"}],"wp:attachment":[{"href":"https:\/\/ocdsavila2026.com\/fr\/wp-json\/wp\/v2\/media?parent=4016"}],"wp:term":[{"taxonomy":"category","embeddable":true,"href":"https:\/\/ocdsavila2026.com\/fr\/wp-json\/wp\/v2\/categories?post=4016"},{"taxonomy":"post_tag","embeddable":true,"href":"https:\/\/ocdsavila2026.com\/fr\/wp-json\/wp\/v2\/tags?post=4016"}],"curies":[{"name":"wp","href":"https:\/\/api.w.org\/{rel}","templated":true}]}}