{"id":4350,"date":"2026-07-28T20:37:52","date_gmt":"2026-07-28T18:37:52","guid":{"rendered":"https:\/\/ocdsavila2026.com\/?p=4350"},"modified":"2026-07-28T21:01:17","modified_gmt":"2026-07-28T19:01:17","slug":"notre-rencontre-mondiale-dans-la-presse-et-sur-le-web","status":"publish","type":"post","link":"https:\/\/ocdsavila2026.com\/fr\/notre-rencontre-mondiale-dans-la-presse-et-sur-le-web\/","title":{"rendered":"Notre Rencontre Mondiale dans la presse et sur le web"},"content":{"rendered":"\n<p class=\"wp-block-paragraph\"><strong>Notre Rencontre Mondiale de l'OCDS \u00e0 \u00c1vila<\/strong>, qui s'est tenue les <strong>23, 24, 25 et 26 juillet 2026<\/strong>, a b\u00e9n\u00e9fici\u00e9 d'une importante couverture dans la presse espagnole. Nous partageons ci-dessous quelques articles consacr\u00e9s \u00e0 cet \u00e9v\u00e9nement.<\/p>\n\n\n\n<p class=\"wp-block-paragraph\">La rencontre a \u00e9t\u00e9 relay\u00e9e par des <strong>journaux nationaux, r\u00e9gionaux et locaux<\/strong>, ainsi que par plusieurs <strong>sites internet et blogs<\/strong>.<\/p>\n\n\n\n<h2 class=\"wp-block-heading has-vivid-red-color has-text-color has-link-color has-medium-font-size wp-elements-1\">M\u00e9dias nationaux<\/h2>\n\n\n\n<p class=\"wp-block-paragraph\"><strong><a href=\"https:\/\/www.larazon.es\/castilla-y-leon\/casi-1000-personas-80-paises-participan-encuentro-mundial-carmelo-seglar-avila_202607236a624c21aa17c0020f2c0c94.htm\">La Raz\u00f3n<\/a><\/strong><br><em>Pr\u00e8s de 1 000 personnes venant de 80 pays participent \u00e0 la Rencontre Mondiale du Carmel S\u00e9culier \u00e0 \u00c1vila.<\/em><\/p>\n\n\n\n<p class=\"wp-block-paragraph\"><strong><a href=\"https:\/\/www.eldebate.com\/espana\/castilla-y-leon\/20260723\/orden-seglar-carmelitas-descalzos-une-avila-personas-80-paises-primer-encuentro-mundial_443071.html\">El Debate<\/a><\/strong><br><em>L'Ordre S\u00e9culier des Carmes D\u00e9chaux r\u00e9unit \u00e0 \u00c1vila des personnes de 80 pays pour sa premi\u00e8re Rencontre Mondiale.<\/em><\/p>\n\n\n\n<p class=\"wp-block-paragraph\"><strong><a href=\"https:\/\/www.abc.es\/espana\/castilla-leon\/encuentro-carmelo-seglar-une-avila-900-personas-20260723181959-nt.html\">ABC<\/a><\/strong><br><em>La Rencontre du Carmel S\u00e9culier r\u00e9unit 900 personnes \u00e0 \u00c1vila.<\/em><\/p>\n\n\n\n<h2 class=\"wp-block-heading has-vivid-red-color has-text-color has-link-color has-medium-font-size wp-elements-2\">M\u00e9dias r\u00e9gionaux et locaux<\/h2>\n\n\n\n<p class=\"wp-block-paragraph\"><strong><a href=\"https:\/\/www.diariodeavila.es\/noticia\/zae476c5f-7453-43b3-86482ad560260bd7\/202607\/el-congreso-del-carmelo-seglar-une-a-900-personas-de-80-paises\">Diario de \u00c1vila<\/a><\/strong><br><em>Le Congr\u00e8s du Carmel S\u00e9culier rassemble 900 personnes de 80 pays.<\/em><\/p>\n\n\n\n<p class=\"wp-block-paragraph\"><strong><a href=\"https:\/\/www.tribunaavila.com\/noticias\/453206\/casi-1-000-personas-de-80-paises-en-el-i-encuentro-mundial-del-carmelo-seglar\">Tribuna de \u00c1vila<\/a><\/strong><br><em>Pr\u00e8s de 1 000 personnes de 80 pays au Ier Rencontre Mondiale du Carmel S\u00e9culier.<\/em><\/p>\n\n\n\n<p class=\"wp-block-paragraph\"><strong><a href=\"https:\/\/avilared.com\/art\/93356\/i-encuentro-mundial-carmelo-seglar-avila-representantes-92-paises\">\u00c1vilaRed<\/a><\/strong><br><em>Premi\u00e8re Rencontre Mondiale du Carmel S\u00e9culier \u00e0 \u00c1vila : des repr\u00e9sentants de 92 pays.<\/em><\/p>\n\n\n\n<h2 class=\"wp-block-heading has-vivid-red-color has-text-color has-link-color has-medium-font-size wp-elements-3\">M\u00e9dias et publications du Carmel<\/h2>\n\n\n\n<p class=\"wp-block-paragraph\"><strong><a href=\"https:\/\/ocdiberica.com\/actualidad\/comienza-en-avila-el-encuentro-mundial-de-la-ocds-con-la-participacion-de-cerca-de-mil-carmelitas-seglares-de-todo-el-mundo\/\">OCD Ib\u00e9rica<\/a><\/strong><br><em>La Rencontre Mondiale de l'OCDS commence \u00e0 \u00c1vila avec la participation de pr\u00e8s d'un millier de carmes s\u00e9culiers venus du monde entier.<\/em><\/p>\n\n\n\n<p class=\"wp-block-paragraph\"><strong><a href=\"https:\/\/delaruecaalapluma.com\/2025\/02\/05\/encuentro-mundial-del-carmelo-descalzo-seglar-ocds-2026\/\">De la Rueca a la Pluma<\/a><\/strong><br><em>Rencontre Mondiale du Carmel D\u00e9chaux S\u00e9culier (OCDS) 2026.<\/em><\/p>\n\n\n\n<p class=\"wp-block-paragraph\"><strong><a href=\"https:\/\/www.seculares.carmelitas.pt\/post\/%C3%A1vila-congresso-mundial-ocds\">Carmes D\u00e9chaux S\u00e9culiers du Portugal<\/a><\/strong><br><em>\u00c1vila : Congr\u00e8s Mondial de l'OCDS.<\/em><\/p>\n\n\n\n<p class=\"wp-block-paragraph\"><\/p>\n","protected":false},"excerpt":{"rendered":"<p>Notre Rencontre Mondiale de l&rsquo;OCDS \u00e0 \u00c1vila, qui s&rsquo;est tenue les 23, 24, 25 et 26 juillet 2026, a b\u00e9n\u00e9fici\u00e9 d&rsquo;une importante couverture dans la presse espagnole. Nous partageons ci-dessous quelques articles consacr\u00e9s \u00e0 cet \u00e9v\u00e9nement. La rencontre a \u00e9t\u00e9 relay\u00e9e par des journaux nationaux, r\u00e9gionaux et locaux, ainsi que par plusieurs sites internet et [&hellip;]<\/p>\n","protected":false},"author":919,"featured_media":4351,"comment_status":"closed","ping_status":"closed","sticky":false,"template":"","format":"standard","meta":{"footnotes":""},"categories":[157],"tags":[],"class_list":["post-4350","post","type-post","status-publish","format-standard","has-post-thumbnail","hentry","category-nouvelles"],"yoast_head":"<!-- This site is optimized with the Yoast SEO plugin v28.4 - https:\/\/yoast.com\/product\/yoast-seo-wordpress\/ -->\n<title>Notre Rencontre Mondiale dans la presse et sur le web - OCDS 2026<\/title>\n<meta name=\"robots\" content=\"index, follow, max-snippet:-1, max-image-preview:large, max-video-preview:-1\" \/>\n<link rel=\"canonical\" href=\"https:\/\/ocdsavila2026.com\/fr\/notre-rencontre-mondiale-dans-la-presse-et-sur-le-web\/\" \/>\n<meta property=\"og:locale\" content=\"fr_FR\" \/>\n<meta property=\"og:type\" content=\"article\" \/>\n<meta property=\"og:title\" content=\"Notre Rencontre Mondiale dans la presse et sur le web - OCDS 2026\" \/>\n<meta property=\"og:description\" content=\"Notre Rencontre Mondiale de l&rsquo;OCDS \u00e0 \u00c1vila, qui s&rsquo;est tenue les 23, 24, 25 et 26 juillet 2026, a b\u00e9n\u00e9fici\u00e9 d&rsquo;une importante couverture dans la presse espagnole. Nous partageons ci-dessous quelques articles consacr\u00e9s \u00e0 cet \u00e9v\u00e9nement. La rencontre a \u00e9t\u00e9 relay\u00e9e par des journaux nationaux, r\u00e9gionaux et locaux, ainsi que par plusieurs sites internet et [&hellip;]\" \/>\n<meta property=\"og:url\" content=\"https:\/\/ocdsavila2026.com\/fr\/notre-rencontre-mondiale-dans-la-presse-et-sur-le-web\/\" \/>\n<meta property=\"og:site_name\" content=\"OCDS 2026\" \/>\n<meta property=\"article:published_time\" content=\"2026-07-28T18:37:52+00:00\" \/>\n<meta property=\"article:modified_time\" content=\"2026-07-28T19:01:17+00:00\" \/>\n<meta property=\"og:image\" content=\"https:\/\/ocdsavila2026.com\/wp-content\/uploads\/2026\/07\/ChatGPT-Image-28-jul-2026-19_09_56-2.png\" \/>\n\t<meta property=\"og:image:width\" content=\"1485\" \/>\n\t<meta property=\"og:image:height\" content=\"1059\" \/>\n\t<meta property=\"og:image:type\" content=\"image\/png\" \/>\n<meta name=\"author\" content=\"Pilar Mijares\" \/>\n<meta name=\"twitter:card\" content=\"summary_large_image\" \/>\n<meta name=\"twitter:label1\" content=\"\u00c9crit par\" \/>\n\t<meta name=\"twitter:data1\" content=\"Pilar Mijares\" \/>\n\t<meta name=\"twitter:label2\" content=\"Dur\u00e9e de lecture estim\u00e9e\" \/>\n\t<meta name=\"twitter:data2\" content=\"2 minutes\" \/>\n<script type=\"application\/ld+json\" class=\"yoast-schema-graph\">{\"@context\":\"https:\\\/\\\/schema.org\",\"@graph\":[{\"@type\":\"Article\",\"@id\":\"https:\\\/\\\/ocdsavila2026.com\\\/fr\\\/notre-rencontre-mondiale-dans-la-presse-et-sur-le-web\\\/#article\",\"isPartOf\":{\"@id\":\"https:\\\/\\\/ocdsavila2026.com\\\/fr\\\/notre-rencontre-mondiale-dans-la-presse-et-sur-le-web\\\/\"},\"author\":{\"name\":\"Pilar Mijares\",\"@id\":\"https:\\\/\\\/ocdsavila2026.com\\\/fr\\\/#\\\/schema\\\/person\\\/ca7c4b2d6c1c7bc85f8f901a032b4d32\"},\"headline\":\"Notre Rencontre Mondiale dans la presse et sur le web\",\"datePublished\":\"2026-07-28T18:37:52+00:00\",\"dateModified\":\"2026-07-28T19:01:17+00:00\",\"mainEntityOfPage\":{\"@id\":\"https:\\\/\\\/ocdsavila2026.com\\\/fr\\\/notre-rencontre-mondiale-dans-la-presse-et-sur-le-web\\\/\"},\"wordCount\":239,\"publisher\":{\"@id\":\"https:\\\/\\\/ocdsavila2026.com\\\/fr\\\/#organization\"},\"image\":{\"@id\":\"https:\\\/\\\/ocdsavila2026.com\\\/fr\\\/notre-rencontre-mondiale-dans-la-presse-et-sur-le-web\\\/#primaryimage\"},\"thumbnailUrl\":\"https:\\\/\\\/ocdsavila2026.com\\\/wp-content\\\/uploads\\\/2026\\\/07\\\/ChatGPT-Image-28-jul-2026-19_09_56-2.png\",\"articleSection\":[\"NOUVELLES\"],\"inLanguage\":\"fr-FR\"},{\"@type\":\"WebPage\",\"@id\":\"https:\\\/\\\/ocdsavila2026.com\\\/fr\\\/notre-rencontre-mondiale-dans-la-presse-et-sur-le-web\\\/\",\"url\":\"https:\\\/\\\/ocdsavila2026.com\\\/fr\\\/notre-rencontre-mondiale-dans-la-presse-et-sur-le-web\\\/\",\"name\":\"Notre Rencontre Mondiale dans la presse et sur le web - OCDS 2026\",\"isPartOf\":{\"@id\":\"https:\\\/\\\/ocdsavila2026.com\\\/fr\\\/#website\"},\"primaryImageOfPage\":{\"@id\":\"https:\\\/\\\/ocdsavila2026.com\\\/fr\\\/notre-rencontre-mondiale-dans-la-presse-et-sur-le-web\\\/#primaryimage\"},\"image\":{\"@id\":\"https:\\\/\\\/ocdsavila2026.com\\\/fr\\\/notre-rencontre-mondiale-dans-la-presse-et-sur-le-web\\\/#primaryimage\"},\"thumbnailUrl\":\"https:\\\/\\\/ocdsavila2026.com\\\/wp-content\\\/uploads\\\/2026\\\/07\\\/ChatGPT-Image-28-jul-2026-19_09_56-2.png\",\"datePublished\":\"2026-07-28T18:37:52+00:00\",\"dateModified\":\"2026-07-28T19:01:17+00:00\",\"breadcrumb\":{\"@id\":\"https:\\\/\\\/ocdsavila2026.com\\\/fr\\\/notre-rencontre-mondiale-dans-la-presse-et-sur-le-web\\\/#breadcrumb\"},\"inLanguage\":\"fr-FR\",\"potentialAction\":[{\"@type\":\"ReadAction\",\"target\":[\"https:\\\/\\\/ocdsavila2026.com\\\/fr\\\/notre-rencontre-mondiale-dans-la-presse-et-sur-le-web\\\/\"]}]},{\"@type\":\"ImageObject\",\"inLanguage\":\"fr-FR\",\"@id\":\"https:\\\/\\\/ocdsavila2026.com\\\/fr\\\/notre-rencontre-mondiale-dans-la-presse-et-sur-le-web\\\/#primaryimage\",\"url\":\"https:\\\/\\\/ocdsavila2026.com\\\/wp-content\\\/uploads\\\/2026\\\/07\\\/ChatGPT-Image-28-jul-2026-19_09_56-2.png\",\"contentUrl\":\"https:\\\/\\\/ocdsavila2026.com\\\/wp-content\\\/uploads\\\/2026\\\/07\\\/ChatGPT-Image-28-jul-2026-19_09_56-2.png\",\"width\":1485,\"height\":1059},{\"@type\":\"BreadcrumbList\",\"@id\":\"https:\\\/\\\/ocdsavila2026.com\\\/fr\\\/notre-rencontre-mondiale-dans-la-presse-et-sur-le-web\\\/#breadcrumb\",\"itemListElement\":[{\"@type\":\"ListItem\",\"position\":1,\"name\":\"Portada\",\"item\":\"https:\\\/\\\/ocdsavila2026.com\\\/fr\\\/\"},{\"@type\":\"ListItem\",\"position\":2,\"name\":\"Notre Rencontre Mondiale dans la presse et sur le web\"}]},{\"@type\":\"WebSite\",\"@id\":\"https:\\\/\\\/ocdsavila2026.com\\\/fr\\\/#website\",\"url\":\"https:\\\/\\\/ocdsavila2026.com\\\/fr\\\/\",\"name\":\"OCDS 2026\",\"description\":\"Encuentro Mundial OCDS 2026\",\"publisher\":{\"@id\":\"https:\\\/\\\/ocdsavila2026.com\\\/fr\\\/#organization\"},\"potentialAction\":[{\"@type\":\"SearchAction\",\"target\":{\"@type\":\"EntryPoint\",\"urlTemplate\":\"https:\\\/\\\/ocdsavila2026.com\\\/fr\\\/?s={search_term_string}\"},\"query-input\":{\"@type\":\"PropertyValueSpecification\",\"valueRequired\":true,\"valueName\":\"search_term_string\"}}],\"inLanguage\":\"fr-FR\"},{\"@type\":\"Organization\",\"@id\":\"https:\\\/\\\/ocdsavila2026.com\\\/fr\\\/#organization\",\"name\":\"Carmelitas descalzos\",\"url\":\"https:\\\/\\\/ocdsavila2026.com\\\/fr\\\/\",\"logo\":{\"@type\":\"ImageObject\",\"inLanguage\":\"fr-FR\",\"@id\":\"https:\\\/\\\/ocdsavila2026.com\\\/fr\\\/#\\\/schema\\\/logo\\\/image\\\/\",\"url\":\"https:\\\/\\\/ocdsavila2026.com\\\/wp-content\\\/uploads\\\/2026\\\/01\\\/logoiberica-scaled-1.png\",\"contentUrl\":\"https:\\\/\\\/ocdsavila2026.com\\\/wp-content\\\/uploads\\\/2026\\\/01\\\/logoiberica-scaled-1.png\",\"width\":2560,\"height\":2560,\"caption\":\"Carmelitas descalzos\"},\"image\":{\"@id\":\"https:\\\/\\\/ocdsavila2026.com\\\/fr\\\/#\\\/schema\\\/logo\\\/image\\\/\"}},{\"@type\":\"Person\",\"@id\":\"https:\\\/\\\/ocdsavila2026.com\\\/fr\\\/#\\\/schema\\\/person\\\/ca7c4b2d6c1c7bc85f8f901a032b4d32\",\"name\":\"Pilar Mijares\",\"image\":{\"@type\":\"ImageObject\",\"inLanguage\":\"fr-FR\",\"@id\":\"https:\\\/\\\/secure.gravatar.com\\\/avatar\\\/392ebc502797de6506dfac803e3b9b9e882d592f560c21c2526c9bf0d27c9273?s=96&d=mm&r=g\",\"url\":\"https:\\\/\\\/secure.gravatar.com\\\/avatar\\\/392ebc502797de6506dfac803e3b9b9e882d592f560c21c2526c9bf0d27c9273?s=96&d=mm&r=g\",\"contentUrl\":\"https:\\\/\\\/secure.gravatar.com\\\/avatar\\\/392ebc502797de6506dfac803e3b9b9e882d592f560c21c2526c9bf0d27c9273?s=96&d=mm&r=g\",\"caption\":\"Pilar Mijares\"},\"url\":\"https:\\\/\\\/ocdsavila2026.com\\\/fr\\\/author\\\/pilar\\\/\"}]}<\/script>\n<!-- \/ Yoast SEO plugin. -->","yoast_head_json":{"title":"Notre Rencontre Mondiale dans la presse et sur le web - OCDS 2026","robots":{"index":"index","follow":"follow","max-snippet":"max-snippet:-1","max-image-preview":"max-image-preview:large","max-video-preview":"max-video-preview:-1"},"canonical":"https:\/\/ocdsavila2026.com\/fr\/notre-rencontre-mondiale-dans-la-presse-et-sur-le-web\/","og_locale":"fr_FR","og_type":"article","og_title":"Notre Rencontre Mondiale dans la presse et sur le web - OCDS 2026","og_description":"Notre Rencontre Mondiale de l&rsquo;OCDS \u00e0 \u00c1vila, qui s&rsquo;est tenue les 23, 24, 25 et 26 juillet 2026, a b\u00e9n\u00e9fici\u00e9 d&rsquo;une importante couverture dans la presse espagnole. Nous partageons ci-dessous quelques articles consacr\u00e9s \u00e0 cet \u00e9v\u00e9nement. La rencontre a \u00e9t\u00e9 relay\u00e9e par des journaux nationaux, r\u00e9gionaux et locaux, ainsi que par plusieurs sites internet et [&hellip;]","og_url":"https:\/\/ocdsavila2026.com\/fr\/notre-rencontre-mondiale-dans-la-presse-et-sur-le-web\/","og_site_name":"OCDS 2026","article_published_time":"2026-07-28T18:37:52+00:00","article_modified_time":"2026-07-28T19:01:17+00:00","og_image":[{"width":1485,"height":1059,"url":"https:\/\/ocdsavila2026.com\/wp-content\/uploads\/2026\/07\/ChatGPT-Image-28-jul-2026-19_09_56-2.png","type":"image\/png"}],"author":"Pilar Mijares","twitter_card":"summary_large_image","twitter_misc":{"\u00c9crit par":"Pilar Mijares","Dur\u00e9e de lecture estim\u00e9e":"2 minutes"},"schema":{"@context":"https:\/\/schema.org","@graph":[{"@type":"Article","@id":"https:\/\/ocdsavila2026.com\/fr\/notre-rencontre-mondiale-dans-la-presse-et-sur-le-web\/#article","isPartOf":{"@id":"https:\/\/ocdsavila2026.com\/fr\/notre-rencontre-mondiale-dans-la-presse-et-sur-le-web\/"},"author":{"name":"Pilar Mijares","@id":"https:\/\/ocdsavila2026.com\/fr\/#\/schema\/person\/ca7c4b2d6c1c7bc85f8f901a032b4d32"},"headline":"Notre Rencontre Mondiale dans la presse et sur le web","datePublished":"2026-07-28T18:37:52+00:00","dateModified":"2026-07-28T19:01:17+00:00","mainEntityOfPage":{"@id":"https:\/\/ocdsavila2026.com\/fr\/notre-rencontre-mondiale-dans-la-presse-et-sur-le-web\/"},"wordCount":239,"publisher":{"@id":"https:\/\/ocdsavila2026.com\/fr\/#organization"},"image":{"@id":"https:\/\/ocdsavila2026.com\/fr\/notre-rencontre-mondiale-dans-la-presse-et-sur-le-web\/#primaryimage"},"thumbnailUrl":"https:\/\/ocdsavila2026.com\/wp-content\/uploads\/2026\/07\/ChatGPT-Image-28-jul-2026-19_09_56-2.png","articleSection":["NOUVELLES"],"inLanguage":"fr-FR"},{"@type":"WebPage","@id":"https:\/\/ocdsavila2026.com\/fr\/notre-rencontre-mondiale-dans-la-presse-et-sur-le-web\/","url":"https:\/\/ocdsavila2026.com\/fr\/notre-rencontre-mondiale-dans-la-presse-et-sur-le-web\/","name":"Notre Rencontre Mondiale dans la presse et sur le web - OCDS 2026","isPartOf":{"@id":"https:\/\/ocdsavila2026.com\/fr\/#website"},"primaryImageOfPage":{"@id":"https:\/\/ocdsavila2026.com\/fr\/notre-rencontre-mondiale-dans-la-presse-et-sur-le-web\/#primaryimage"},"image":{"@id":"https:\/\/ocdsavila2026.com\/fr\/notre-rencontre-mondiale-dans-la-presse-et-sur-le-web\/#primaryimage"},"thumbnailUrl":"https:\/\/ocdsavila2026.com\/wp-content\/uploads\/2026\/07\/ChatGPT-Image-28-jul-2026-19_09_56-2.png","datePublished":"2026-07-28T18:37:52+00:00","dateModified":"2026-07-28T19:01:17+00:00","breadcrumb":{"@id":"https:\/\/ocdsavila2026.com\/fr\/notre-rencontre-mondiale-dans-la-presse-et-sur-le-web\/#breadcrumb"},"inLanguage":"fr-FR","potentialAction":[{"@type":"ReadAction","target":["https:\/\/ocdsavila2026.com\/fr\/notre-rencontre-mondiale-dans-la-presse-et-sur-le-web\/"]}]},{"@type":"ImageObject","inLanguage":"fr-FR","@id":"https:\/\/ocdsavila2026.com\/fr\/notre-rencontre-mondiale-dans-la-presse-et-sur-le-web\/#primaryimage","url":"https:\/\/ocdsavila2026.com\/wp-content\/uploads\/2026\/07\/ChatGPT-Image-28-jul-2026-19_09_56-2.png","contentUrl":"https:\/\/ocdsavila2026.com\/wp-content\/uploads\/2026\/07\/ChatGPT-Image-28-jul-2026-19_09_56-2.png","width":1485,"height":1059},{"@type":"BreadcrumbList","@id":"https:\/\/ocdsavila2026.com\/fr\/notre-rencontre-mondiale-dans-la-presse-et-sur-le-web\/#breadcrumb","itemListElement":[{"@type":"ListItem","position":1,"name":"Portada","item":"https:\/\/ocdsavila2026.com\/fr\/"},{"@type":"ListItem","position":2,"name":"Notre Rencontre Mondiale dans la presse et sur le web"}]},{"@type":"WebSite","@id":"https:\/\/ocdsavila2026.com\/fr\/#website","url":"https:\/\/ocdsavila2026.com\/fr\/","name":"OCDS 2026","description":"Encuentro Mundial OCDS 2026","publisher":{"@id":"https:\/\/ocdsavila2026.com\/fr\/#organization"},"potentialAction":[{"@type":"SearchAction","target":{"@type":"EntryPoint","urlTemplate":"https:\/\/ocdsavila2026.com\/fr\/?s={search_term_string}"},"query-input":{"@type":"PropertyValueSpecification","valueRequired":true,"valueName":"search_term_string"}}],"inLanguage":"fr-FR"},{"@type":"Organization","@id":"https:\/\/ocdsavila2026.com\/fr\/#organization","name":"Carmelitas descalzos","url":"https:\/\/ocdsavila2026.com\/fr\/","logo":{"@type":"ImageObject","inLanguage":"fr-FR","@id":"https:\/\/ocdsavila2026.com\/fr\/#\/schema\/logo\/image\/","url":"https:\/\/ocdsavila2026.com\/wp-content\/uploads\/2026\/01\/logoiberica-scaled-1.png","contentUrl":"https:\/\/ocdsavila2026.com\/wp-content\/uploads\/2026\/01\/logoiberica-scaled-1.png","width":2560,"height":2560,"caption":"Carmelitas descalzos"},"image":{"@id":"https:\/\/ocdsavila2026.com\/fr\/#\/schema\/logo\/image\/"}},{"@type":"Person","@id":"https:\/\/ocdsavila2026.com\/fr\/#\/schema\/person\/ca7c4b2d6c1c7bc85f8f901a032b4d32","name":"Pilar Mijares","image":{"@type":"ImageObject","inLanguage":"fr-FR","@id":"https:\/\/secure.gravatar.com\/avatar\/392ebc502797de6506dfac803e3b9b9e882d592f560c21c2526c9bf0d27c9273?s=96&d=mm&r=g","url":"https:\/\/secure.gravatar.com\/avatar\/392ebc502797de6506dfac803e3b9b9e882d592f560c21c2526c9bf0d27c9273?s=96&d=mm&r=g","contentUrl":"https:\/\/secure.gravatar.com\/avatar\/392ebc502797de6506dfac803e3b9b9e882d592f560c21c2526c9bf0d27c9273?s=96&d=mm&r=g","caption":"Pilar Mijares"},"url":"https:\/\/ocdsavila2026.com\/fr\/author\/pilar\/"}]}},"_links":{"self":[{"href":"https:\/\/ocdsavila2026.com\/fr\/wp-json\/wp\/v2\/posts\/4350","targetHints":{"allow":["GET"]}}],"collection":[{"href":"https:\/\/ocdsavila2026.com\/fr\/wp-json\/wp\/v2\/posts"}],"about":[{"href":"https:\/\/ocdsavila2026.com\/fr\/wp-json\/wp\/v2\/types\/post"}],"author":[{"embeddable":true,"href":"https:\/\/ocdsavila2026.com\/fr\/wp-json\/wp\/v2\/users\/919"}],"replies":[{"embeddable":true,"href":"https:\/\/ocdsavila2026.com\/fr\/wp-json\/wp\/v2\/comments?post=4350"}],"version-history":[{"count":3,"href":"https:\/\/ocdsavila2026.com\/fr\/wp-json\/wp\/v2\/posts\/4350\/revisions"}],"predecessor-version":[{"id":4358,"href":"https:\/\/ocdsavila2026.com\/fr\/wp-json\/wp\/v2\/posts\/4350\/revisions\/4358"}],"wp:featuredmedia":[{"embeddable":true,"href":"https:\/\/ocdsavila2026.com\/fr\/wp-json\/wp\/v2\/media\/4351"}],"wp:attachment":[{"href":"https:\/\/ocdsavila2026.com\/fr\/wp-json\/wp\/v2\/media?parent=4350"}],"wp:term":[{"taxonomy":"category","embeddable":true,"href":"https:\/\/ocdsavila2026.com\/fr\/wp-json\/wp\/v2\/categories?post=4350"},{"taxonomy":"post_tag","embeddable":true,"href":"https:\/\/ocdsavila2026.com\/fr\/wp-json\/wp\/v2\/tags?post=4350"}],"curies":[{"name":"wp","href":"https:\/\/api.w.org\/{rel}","templated":true}]}}