{"id":1079,"date":"2025-11-23T02:29:28","date_gmt":"2025-11-23T01:29:28","guid":{"rendered":"https:\/\/ocdsavila2026.com\/volontari\/"},"modified":"2025-11-26T00:38:13","modified_gmt":"2025-11-25T23:38:13","slug":"volontari","status":"publish","type":"post","link":"https:\/\/ocdsavila2026.com\/it\/volontari\/","title":{"rendered":"Testimoni di speranza"},"content":{"rendered":"\n<p class=\"has-vivid-red-color has-text-color has-link-color wp-elements-1 wp-block-paragraph\"><strong>  \"Chiamati alla santit\u00e0<\/strong><\/p>\n\n<p class=\"has-text-align-left has-text-color has-link-color wp-elements-2 wp-block-paragraph\" style=\"color:#0c486b;font-style:normal;font-weight:700\">La santit\u00e0 \u00e8 ci\u00f2 che \u00e8 pi\u00f9 necessario alla Chiesa per svolgere la sua missione di essere nel mondo il riflesso salvifico di Cristo. Senza di essa, tutti i risultati della sua azione mondana e lo sviluppo del suo costante aggiornamento sono impossibili o inutili. <\/p>\n\n<p class=\"has-text-align-left has-text-color has-link-color wp-elements-3 wp-block-paragraph\" style=\"color:#0c486b;font-style:normal;font-weight:700\">I santi sono quindi la benedizione che la Chiesa e il mondo si aspettano dalla grazia di Dio, perch\u00e9 in loro<em>: \"Dio rivela agli uomini la sua presenza e il suo volto in modo vivo. In essi \u00e8 Dio stesso che ci parla e ci offre un segno del suo regno, verso il quale siamo fortemente attratti, preceduti da un numero cos\u00ec grande di testimoni<\/em> (cfr. Eb 12,1)<em> e da una testimonianza cos\u00ec chiara della verit\u00e0 del Vangelo\"<\/em> (LG 50).<\/p>\n\n<p class=\"has-text-align-left has-text-color has-link-color wp-elements-4 wp-block-paragraph\" style=\"color:#0c486b;font-style:normal;font-weight:700\">Anche noi laici carmelitani siamo chiamati a essere santi, essendo questa la prima vocazione che abbiamo dopo il battesimo. Ci sono diversi fratelli e sorelle che, avendo vissuto la loro vita cristiana come Carmelitani Secolari, si trovano in varie fasi del processo di canonizzazione. Loro, che ci hanno preceduto nella Vita Eterna, dovrebbero essere un esempio per la nostra vita di Carmelitani Scalzi nel mondo.  <\/p>\n\n<div class=\"wp-block-media-text is-stacked-on-mobile\" style=\"grid-template-columns:55% auto\"><figure class=\"wp-block-media-text__media\"><a href=\"https:\/\/postocd.org\/index.php\/es\"><img loading=\"lazy\" decoding=\"async\" width=\"490\" height=\"279\" src=\"https:\/\/ocdsavila2026.com\/wp-content\/uploads\/2025\/11\/santos-ocds.jpg\" alt=\"\" class=\"wp-image-2417 size-full\" srcset=\"https:\/\/ocdsavila2026.com\/wp-content\/uploads\/2025\/11\/santos-ocds.jpg 490w, https:\/\/ocdsavila2026.com\/wp-content\/uploads\/2025\/11\/santos-ocds-480x273.jpg 480w\" sizes=\"(min-width: 0px) and (max-width: 480px) 480px, (min-width: 481px) 490px, 100vw\" \/><\/a><\/figure><div class=\"wp-block-media-text__content\">\n<p class=\"has-text-color has-link-color wp-elements-5 wp-block-paragraph\" style=\"color:#064f7a;font-style:normal;font-weight:700\"><a href=\"https:\/\/www.postocd.org\/index.php\/es\/biografia-giuseppa-naval-girbes-es\">-Beata<strong>Josefa Naval Girb\u00e9s<\/strong> <strong>OCDS<\/strong><\/a><\/p>\n\n\n\n<p class=\"has-text-color has-link-color wp-elements-6 wp-block-paragraph\" style=\"color:#064f7a;font-style:normal;font-weight:700\"><a href=\"https:\/\/www.postocd.org\/index.php\/es\/biografia-victor-rodriguez-martinez-es\" data-type=\"link\" data-id=\"https:\/\/www.postocd.org\/index.php\/es\/biografia-victor-rodriguez-martinez-es\">-Servo<strong>di Dio Victor Rodriguez OCDS<\/strong><\/a><\/p>\n\n\n\n<p class=\"has-text-color has-link-color wp-elements-7 wp-block-paragraph\" style=\"color:#064f7a;font-style:normal;font-weight:700\"><strong><a href=\"https:\/\/postocd.org\/index.php\/en\/biography-kunegonda-siwiec\" data-type=\"link\" data-id=\"https:\/\/postocd.org\/index.php\/en\/biography-kunegonda-siwiec\">-Venerabile Kunegunda Siwiec OCDS<\/a> <\/strong><\/p>\n\n\n\n<p class=\"has-text-color has-link-color wp-elements-8 wp-block-paragraph\" style=\"color:#064f7a;font-style:normal;font-weight:700\"><a href=\"https:\/\/www.postocd.org\/index.php\/es\/biografia-anita-cantieri-es\" data-type=\"link\" data-id=\"https:\/\/www.postocd.org\/index.php\/es\/biografia-anita-cantieri-es\">-Venerabile<strong>Anita Cantieri OCDS<\/strong> <\/a><\/p>\n\n\n\n<p class=\"has-text-color has-link-color wp-elements-9 wp-block-paragraph\" style=\"color:#064f7a;font-style:normal;font-weight:700\"><a href=\"https:\/\/www.postocd.org\/index.php\/es\/biografia-giorgio-haefner-luigi-dei-sacri-cuori-es\" data-type=\"link\" data-id=\"https:\/\/www.postocd.org\/index.php\/es\/biografia-giorgio-haefner-luigi-dei-sacri-cuori-es\">-Beatus<strong>Georg H\u00e4fner (Luigi del Santissimo Sacramento, sacerdote secolare) OCDS<\/strong><\/a><\/p>\n\n\n\n<p class=\"has-text-color has-link-color wp-elements-10 wp-block-paragraph\" style=\"color:#064f7a;font-style:normal;font-weight:700\"><a href=\"https:\/\/postocd.org\/index.php\/es\/biografia-ulisse-amendolagine-es\" data-type=\"link\" data-id=\"https:\/\/postocd.org\/index.php\/es\/biografia-ulisse-amendolagine-es\">-Servo<strong>di Dio Ulisse Amendolagine OCDS<\/strong><\/a><\/p>\n\n\n\n<p class=\"has-text-color has-link-color wp-elements-11 wp-block-paragraph\" style=\"color:#064f7a;font-style:normal;font-weight:700\"><a href=\"https:\/\/postocd.org\/index.php\/es\/biografia-lelia-cossidente-es\" data-type=\"link\" data-id=\"https:\/\/postocd.org\/index.php\/es\/biografia-lelia-cossidente-es\"><strong>-Serva di Dio Lelia Cossidente OCDS<\/strong> <strong>(moglie di Ulisse)<\/strong><\/a><\/p>\n<\/div><\/div>\n\n<p class=\"has-text-color has-link-color wp-elements-12 wp-block-paragraph\" style=\"color:#064f7a\"><\/p>\n","protected":false},"excerpt":{"rendered":"<p>\"Non si tratta di pensare molto, ma di amare molto; e quindi, qualsiasi cosa ti risvegli all&#8217;amore, falla. [Perch\u00e9 \u00e8 per questo che il Signore ci ha creati: per essere santi\".<br \/>\n(Santa Teresa di Ges\u00f9, C.P. 4,4)<\/p>\n","protected":false},"author":1,"featured_media":1641,"comment_status":"closed","ping_status":"closed","sticky":false,"template":"","format":"standard","meta":{"footnotes":""},"categories":[129],"tags":[],"class_list":["post-1079","post","type-post","status-publish","format-standard","has-post-thumbnail","hentry","category-presentazioni"],"yoast_head":"<!-- This site is optimized with the Yoast SEO plugin v28.4 - https:\/\/yoast.com\/product\/yoast-seo-wordpress\/ -->\n<title>Testimoni di speranza - OCDS 2026<\/title>\n<meta name=\"robots\" content=\"index, follow, max-snippet:-1, max-image-preview:large, max-video-preview:-1\" \/>\n<link rel=\"canonical\" href=\"https:\/\/ocdsavila2026.com\/it\/volontari\/\" \/>\n<meta property=\"og:locale\" content=\"it_IT\" \/>\n<meta property=\"og:type\" content=\"article\" \/>\n<meta property=\"og:title\" content=\"Testimoni di speranza - OCDS 2026\" \/>\n<meta property=\"og:description\" content=\"&quot;Non si tratta di pensare molto, ma di amare molto; e quindi, qualsiasi cosa ti risvegli all&#039;amore, falla. [Perch\u00e9 \u00e8 per questo che il Signore ci ha creati: per essere santi&quot;. (Santa Teresa di Ges\u00f9, C.P. 4,4)\" \/>\n<meta property=\"og:url\" content=\"https:\/\/ocdsavila2026.com\/it\/volontari\/\" \/>\n<meta property=\"og:site_name\" content=\"OCDS 2026\" \/>\n<meta property=\"article:published_time\" content=\"2025-11-23T01:29:28+00:00\" \/>\n<meta property=\"article:modified_time\" content=\"2025-11-25T23:38:13+00:00\" \/>\n<meta property=\"og:image\" content=\"https:\/\/ocdsavila2026.com\/wp-content\/uploads\/2025\/08\/cover_ocdsitalia_02.2025.jpg\" \/>\n\t<meta property=\"og:image:width\" content=\"1200\" \/>\n\t<meta property=\"og:image:height\" content=\"800\" \/>\n\t<meta property=\"og:image:type\" content=\"image\/jpeg\" \/>\n<meta name=\"author\" content=\"admin\" \/>\n<meta name=\"twitter:card\" content=\"summary_large_image\" \/>\n<meta name=\"twitter:label1\" content=\"Scritto da\" \/>\n\t<meta name=\"twitter:data1\" content=\"admin\" \/>\n\t<meta name=\"twitter:label2\" content=\"Tempo di lettura stimato\" \/>\n\t<meta name=\"twitter:data2\" content=\"1 minuto\" \/>\n<script type=\"application\/ld+json\" class=\"yoast-schema-graph\">{\"@context\":\"https:\\\/\\\/schema.org\",\"@graph\":[{\"@type\":\"Article\",\"@id\":\"https:\\\/\\\/ocdsavila2026.com\\\/it\\\/volontari\\\/#article\",\"isPartOf\":{\"@id\":\"https:\\\/\\\/ocdsavila2026.com\\\/it\\\/volontari\\\/\"},\"author\":{\"name\":\"admin\",\"@id\":\"https:\\\/\\\/ocdsavila2026.com\\\/it\\\/#\\\/schema\\\/person\\\/93304ebced607cf69b78a116a3513457\"},\"headline\":\"Testimoni di speranza\",\"datePublished\":\"2025-11-23T01:29:28+00:00\",\"dateModified\":\"2025-11-25T23:38:13+00:00\",\"mainEntityOfPage\":{\"@id\":\"https:\\\/\\\/ocdsavila2026.com\\\/it\\\/volontari\\\/\"},\"wordCount\":232,\"publisher\":{\"@id\":\"https:\\\/\\\/ocdsavila2026.com\\\/it\\\/#organization\"},\"image\":{\"@id\":\"https:\\\/\\\/ocdsavila2026.com\\\/it\\\/volontari\\\/#primaryimage\"},\"thumbnailUrl\":\"https:\\\/\\\/ocdsavila2026.com\\\/wp-content\\\/uploads\\\/2025\\\/08\\\/cover_ocdsitalia_02.2025.jpg\",\"articleSection\":[\"Presentazioni\"],\"inLanguage\":\"it-IT\"},{\"@type\":\"WebPage\",\"@id\":\"https:\\\/\\\/ocdsavila2026.com\\\/it\\\/volontari\\\/\",\"url\":\"https:\\\/\\\/ocdsavila2026.com\\\/it\\\/volontari\\\/\",\"name\":\"Testimoni di speranza - OCDS 2026\",\"isPartOf\":{\"@id\":\"https:\\\/\\\/ocdsavila2026.com\\\/it\\\/#website\"},\"primaryImageOfPage\":{\"@id\":\"https:\\\/\\\/ocdsavila2026.com\\\/it\\\/volontari\\\/#primaryimage\"},\"image\":{\"@id\":\"https:\\\/\\\/ocdsavila2026.com\\\/it\\\/volontari\\\/#primaryimage\"},\"thumbnailUrl\":\"https:\\\/\\\/ocdsavila2026.com\\\/wp-content\\\/uploads\\\/2025\\\/08\\\/cover_ocdsitalia_02.2025.jpg\",\"datePublished\":\"2025-11-23T01:29:28+00:00\",\"dateModified\":\"2025-11-25T23:38:13+00:00\",\"breadcrumb\":{\"@id\":\"https:\\\/\\\/ocdsavila2026.com\\\/it\\\/volontari\\\/#breadcrumb\"},\"inLanguage\":\"it-IT\",\"potentialAction\":[{\"@type\":\"ReadAction\",\"target\":[\"https:\\\/\\\/ocdsavila2026.com\\\/it\\\/volontari\\\/\"]}]},{\"@type\":\"ImageObject\",\"inLanguage\":\"it-IT\",\"@id\":\"https:\\\/\\\/ocdsavila2026.com\\\/it\\\/volontari\\\/#primaryimage\",\"url\":\"https:\\\/\\\/ocdsavila2026.com\\\/wp-content\\\/uploads\\\/2025\\\/08\\\/cover_ocdsitalia_02.2025.jpg\",\"contentUrl\":\"https:\\\/\\\/ocdsavila2026.com\\\/wp-content\\\/uploads\\\/2025\\\/08\\\/cover_ocdsitalia_02.2025.jpg\",\"width\":1200,\"height\":800},{\"@type\":\"BreadcrumbList\",\"@id\":\"https:\\\/\\\/ocdsavila2026.com\\\/it\\\/volontari\\\/#breadcrumb\",\"itemListElement\":[{\"@type\":\"ListItem\",\"position\":1,\"name\":\"Portada\",\"item\":\"https:\\\/\\\/ocdsavila2026.com\\\/it\\\/\"},{\"@type\":\"ListItem\",\"position\":2,\"name\":\"Testimoni di speranza\"}]},{\"@type\":\"WebSite\",\"@id\":\"https:\\\/\\\/ocdsavila2026.com\\\/it\\\/#website\",\"url\":\"https:\\\/\\\/ocdsavila2026.com\\\/it\\\/\",\"name\":\"OCDS 2026\",\"description\":\"Encuentro Mundial OCDS 2026\",\"publisher\":{\"@id\":\"https:\\\/\\\/ocdsavila2026.com\\\/it\\\/#organization\"},\"potentialAction\":[{\"@type\":\"SearchAction\",\"target\":{\"@type\":\"EntryPoint\",\"urlTemplate\":\"https:\\\/\\\/ocdsavila2026.com\\\/it\\\/?s={search_term_string}\"},\"query-input\":{\"@type\":\"PropertyValueSpecification\",\"valueRequired\":true,\"valueName\":\"search_term_string\"}}],\"inLanguage\":\"it-IT\"},{\"@type\":\"Organization\",\"@id\":\"https:\\\/\\\/ocdsavila2026.com\\\/it\\\/#organization\",\"name\":\"Carmelitas descalzos\",\"url\":\"https:\\\/\\\/ocdsavila2026.com\\\/it\\\/\",\"logo\":{\"@type\":\"ImageObject\",\"inLanguage\":\"it-IT\",\"@id\":\"https:\\\/\\\/ocdsavila2026.com\\\/it\\\/#\\\/schema\\\/logo\\\/image\\\/\",\"url\":\"https:\\\/\\\/ocdsavila2026.com\\\/wp-content\\\/uploads\\\/2026\\\/01\\\/logoiberica-scaled-1.png\",\"contentUrl\":\"https:\\\/\\\/ocdsavila2026.com\\\/wp-content\\\/uploads\\\/2026\\\/01\\\/logoiberica-scaled-1.png\",\"width\":2560,\"height\":2560,\"caption\":\"Carmelitas descalzos\"},\"image\":{\"@id\":\"https:\\\/\\\/ocdsavila2026.com\\\/it\\\/#\\\/schema\\\/logo\\\/image\\\/\"}},{\"@type\":\"Person\",\"@id\":\"https:\\\/\\\/ocdsavila2026.com\\\/it\\\/#\\\/schema\\\/person\\\/93304ebced607cf69b78a116a3513457\",\"name\":\"admin\",\"image\":{\"@type\":\"ImageObject\",\"inLanguage\":\"it-IT\",\"@id\":\"https:\\\/\\\/secure.gravatar.com\\\/avatar\\\/948b492cce32b586ac2db0eaa926ee87024f7afe218d73b397ea5ddfc5f43ea1?s=96&d=mm&r=g\",\"url\":\"https:\\\/\\\/secure.gravatar.com\\\/avatar\\\/948b492cce32b586ac2db0eaa926ee87024f7afe218d73b397ea5ddfc5f43ea1?s=96&d=mm&r=g\",\"contentUrl\":\"https:\\\/\\\/secure.gravatar.com\\\/avatar\\\/948b492cce32b586ac2db0eaa926ee87024f7afe218d73b397ea5ddfc5f43ea1?s=96&d=mm&r=g\",\"caption\":\"admin\"},\"sameAs\":[\"https:\\\/\\\/ocdsavila2026.com\"],\"url\":\"https:\\\/\\\/ocdsavila2026.com\\\/it\\\/author\\\/sjdigital\\\/\"}]}<\/script>\n<!-- \/ Yoast SEO plugin. -->","yoast_head_json":{"title":"Testimoni di speranza - OCDS 2026","robots":{"index":"index","follow":"follow","max-snippet":"max-snippet:-1","max-image-preview":"max-image-preview:large","max-video-preview":"max-video-preview:-1"},"canonical":"https:\/\/ocdsavila2026.com\/it\/volontari\/","og_locale":"it_IT","og_type":"article","og_title":"Testimoni di speranza - OCDS 2026","og_description":"\"Non si tratta di pensare molto, ma di amare molto; e quindi, qualsiasi cosa ti risvegli all'amore, falla. [Perch\u00e9 \u00e8 per questo che il Signore ci ha creati: per essere santi\". (Santa Teresa di Ges\u00f9, C.P. 4,4)","og_url":"https:\/\/ocdsavila2026.com\/it\/volontari\/","og_site_name":"OCDS 2026","article_published_time":"2025-11-23T01:29:28+00:00","article_modified_time":"2025-11-25T23:38:13+00:00","og_image":[{"width":1200,"height":800,"url":"https:\/\/ocdsavila2026.com\/wp-content\/uploads\/2025\/08\/cover_ocdsitalia_02.2025.jpg","type":"image\/jpeg"}],"author":"admin","twitter_card":"summary_large_image","twitter_misc":{"Scritto da":"admin","Tempo di lettura stimato":"1 minuto"},"schema":{"@context":"https:\/\/schema.org","@graph":[{"@type":"Article","@id":"https:\/\/ocdsavila2026.com\/it\/volontari\/#article","isPartOf":{"@id":"https:\/\/ocdsavila2026.com\/it\/volontari\/"},"author":{"name":"admin","@id":"https:\/\/ocdsavila2026.com\/it\/#\/schema\/person\/93304ebced607cf69b78a116a3513457"},"headline":"Testimoni di speranza","datePublished":"2025-11-23T01:29:28+00:00","dateModified":"2025-11-25T23:38:13+00:00","mainEntityOfPage":{"@id":"https:\/\/ocdsavila2026.com\/it\/volontari\/"},"wordCount":232,"publisher":{"@id":"https:\/\/ocdsavila2026.com\/it\/#organization"},"image":{"@id":"https:\/\/ocdsavila2026.com\/it\/volontari\/#primaryimage"},"thumbnailUrl":"https:\/\/ocdsavila2026.com\/wp-content\/uploads\/2025\/08\/cover_ocdsitalia_02.2025.jpg","articleSection":["Presentazioni"],"inLanguage":"it-IT"},{"@type":"WebPage","@id":"https:\/\/ocdsavila2026.com\/it\/volontari\/","url":"https:\/\/ocdsavila2026.com\/it\/volontari\/","name":"Testimoni di speranza - OCDS 2026","isPartOf":{"@id":"https:\/\/ocdsavila2026.com\/it\/#website"},"primaryImageOfPage":{"@id":"https:\/\/ocdsavila2026.com\/it\/volontari\/#primaryimage"},"image":{"@id":"https:\/\/ocdsavila2026.com\/it\/volontari\/#primaryimage"},"thumbnailUrl":"https:\/\/ocdsavila2026.com\/wp-content\/uploads\/2025\/08\/cover_ocdsitalia_02.2025.jpg","datePublished":"2025-11-23T01:29:28+00:00","dateModified":"2025-11-25T23:38:13+00:00","breadcrumb":{"@id":"https:\/\/ocdsavila2026.com\/it\/volontari\/#breadcrumb"},"inLanguage":"it-IT","potentialAction":[{"@type":"ReadAction","target":["https:\/\/ocdsavila2026.com\/it\/volontari\/"]}]},{"@type":"ImageObject","inLanguage":"it-IT","@id":"https:\/\/ocdsavila2026.com\/it\/volontari\/#primaryimage","url":"https:\/\/ocdsavila2026.com\/wp-content\/uploads\/2025\/08\/cover_ocdsitalia_02.2025.jpg","contentUrl":"https:\/\/ocdsavila2026.com\/wp-content\/uploads\/2025\/08\/cover_ocdsitalia_02.2025.jpg","width":1200,"height":800},{"@type":"BreadcrumbList","@id":"https:\/\/ocdsavila2026.com\/it\/volontari\/#breadcrumb","itemListElement":[{"@type":"ListItem","position":1,"name":"Portada","item":"https:\/\/ocdsavila2026.com\/it\/"},{"@type":"ListItem","position":2,"name":"Testimoni di speranza"}]},{"@type":"WebSite","@id":"https:\/\/ocdsavila2026.com\/it\/#website","url":"https:\/\/ocdsavila2026.com\/it\/","name":"OCDS 2026","description":"Encuentro Mundial OCDS 2026","publisher":{"@id":"https:\/\/ocdsavila2026.com\/it\/#organization"},"potentialAction":[{"@type":"SearchAction","target":{"@type":"EntryPoint","urlTemplate":"https:\/\/ocdsavila2026.com\/it\/?s={search_term_string}"},"query-input":{"@type":"PropertyValueSpecification","valueRequired":true,"valueName":"search_term_string"}}],"inLanguage":"it-IT"},{"@type":"Organization","@id":"https:\/\/ocdsavila2026.com\/it\/#organization","name":"Carmelitas descalzos","url":"https:\/\/ocdsavila2026.com\/it\/","logo":{"@type":"ImageObject","inLanguage":"it-IT","@id":"https:\/\/ocdsavila2026.com\/it\/#\/schema\/logo\/image\/","url":"https:\/\/ocdsavila2026.com\/wp-content\/uploads\/2026\/01\/logoiberica-scaled-1.png","contentUrl":"https:\/\/ocdsavila2026.com\/wp-content\/uploads\/2026\/01\/logoiberica-scaled-1.png","width":2560,"height":2560,"caption":"Carmelitas descalzos"},"image":{"@id":"https:\/\/ocdsavila2026.com\/it\/#\/schema\/logo\/image\/"}},{"@type":"Person","@id":"https:\/\/ocdsavila2026.com\/it\/#\/schema\/person\/93304ebced607cf69b78a116a3513457","name":"admin","image":{"@type":"ImageObject","inLanguage":"it-IT","@id":"https:\/\/secure.gravatar.com\/avatar\/948b492cce32b586ac2db0eaa926ee87024f7afe218d73b397ea5ddfc5f43ea1?s=96&d=mm&r=g","url":"https:\/\/secure.gravatar.com\/avatar\/948b492cce32b586ac2db0eaa926ee87024f7afe218d73b397ea5ddfc5f43ea1?s=96&d=mm&r=g","contentUrl":"https:\/\/secure.gravatar.com\/avatar\/948b492cce32b586ac2db0eaa926ee87024f7afe218d73b397ea5ddfc5f43ea1?s=96&d=mm&r=g","caption":"admin"},"sameAs":["https:\/\/ocdsavila2026.com"],"url":"https:\/\/ocdsavila2026.com\/it\/author\/sjdigital\/"}]}},"_links":{"self":[{"href":"https:\/\/ocdsavila2026.com\/it\/wp-json\/wp\/v2\/posts\/1079","targetHints":{"allow":["GET"]}}],"collection":[{"href":"https:\/\/ocdsavila2026.com\/it\/wp-json\/wp\/v2\/posts"}],"about":[{"href":"https:\/\/ocdsavila2026.com\/it\/wp-json\/wp\/v2\/types\/post"}],"author":[{"embeddable":true,"href":"https:\/\/ocdsavila2026.com\/it\/wp-json\/wp\/v2\/users\/1"}],"replies":[{"embeddable":true,"href":"https:\/\/ocdsavila2026.com\/it\/wp-json\/wp\/v2\/comments?post=1079"}],"version-history":[{"count":9,"href":"https:\/\/ocdsavila2026.com\/it\/wp-json\/wp\/v2\/posts\/1079\/revisions"}],"predecessor-version":[{"id":2425,"href":"https:\/\/ocdsavila2026.com\/it\/wp-json\/wp\/v2\/posts\/1079\/revisions\/2425"}],"wp:featuredmedia":[{"embeddable":true,"href":"https:\/\/ocdsavila2026.com\/it\/wp-json\/wp\/v2\/media\/1641"}],"wp:attachment":[{"href":"https:\/\/ocdsavila2026.com\/it\/wp-json\/wp\/v2\/media?parent=1079"}],"wp:term":[{"taxonomy":"category","embeddable":true,"href":"https:\/\/ocdsavila2026.com\/it\/wp-json\/wp\/v2\/categories?post=1079"},{"taxonomy":"post_tag","embeddable":true,"href":"https:\/\/ocdsavila2026.com\/it\/wp-json\/wp\/v2\/tags?post=1079"}],"curies":[{"name":"wp","href":"https:\/\/api.w.org\/{rel}","templated":true}]}}