{"id":1310,"date":"2025-12-14T02:25:35","date_gmt":"2025-12-14T01:25:35","guid":{"rendered":"https:\/\/ocdsavila2026.com\/contemplativi-di-fretta\/"},"modified":"2025-12-15T01:25:33","modified_gmt":"2025-12-15T00:25:33","slug":"contemplativi-di-fretta","status":"publish","type":"post","link":"https:\/\/ocdsavila2026.com\/it\/contemplativi-di-fretta\/","title":{"rendered":"Anno Giubilare di San Giovanni della Croce"},"content":{"rendered":"\n<p class=\"has-vivid-red-color has-text-color has-link-color has-medium-font-size wp-elements-1 wp-block-paragraph\"><strong>Anno Giubilare<\/strong><\/p>\n\n\n\n<div class=\"wp-block-media-text is-stacked-on-mobile\" style=\"grid-template-columns:22% auto\"><figure class=\"wp-block-media-text__media\"><img decoding=\"async\" src=\"https:\/\/ocdsavila2026.com\/wp-content\/uploads\/2025\/08\/Cartel-Centenarios-Sanjuanistas-659x1024-1.jpg\" alt=\"\" class=\"wp-image-3279 size-full\"\/><\/figure><div class=\"wp-block-media-text__content\">\n<p class=\"has-text-color has-link-color wp-elements-2 wp-block-paragraph\" style=\"color:#064f7a;font-style:normal;font-weight:700\">L\u2019Ordine dei Carmelitani Scalzi si prepara a commemorare, a partire dal prossimo mese di dicembre, i \u00abCentenari Sanjuanisti: il terzo centenario della canonizzazione di San Giovanni della Croce (1726) e il primo centenario della sua dichiarazione a Dottore della Chiesa (1926)\u00bb.<\/p>\n\n\n\n<p class=\"has-text-color has-link-color wp-elements-3 wp-block-paragraph\" style=\"color:#064f7a;font-style:normal;font-weight:700\">Sar\u00e0 un Anno Giubilare ricco di memoria, spiritualit\u00e0 e cultura, nel quale il popolo cristiano e la societ\u00e0 potranno riscoprire l\u2019attualit\u00e0 di un mistico che continua a essere \u00abfaro per i credenti\u00bb, per i poeti e per i cercatori di senso, spiegano dall\u2019Ordine dei Carmelitani Scalzi.<\/p>\n<\/div><\/div>\n\n\n\n<p class=\"has-text-color has-link-color wp-elements-4 wp-block-paragraph\" style=\"color:#09537d;font-style:normal;font-weight:700\">L\u2019inizio solenne dell\u2019Anno Giubilare Sanjuanista avr\u00e0 luogo sabato 13 dicembre 2025 nella Chiesa\u2013Sepolcro di San Giovanni della Croce dei Carmelitani Scalzi a Segovia, dove riposano le sue spoglie. La chiusura si celebrer\u00e0 sabato 26 dicembre 2026 nella citt\u00e0 di \u00dabeda, dove il santo don\u00f2 la sua vita e dove si conserva una memoria viva della sua morte.<\/p>\n\n\n\n<p class=\"has-text-color has-link-color wp-elements-5 wp-block-paragraph\" style=\"color:#09537d;font-style:normal;font-weight:700\">Per favorire la partecipazione di fedeli e pellegrini, sono stati designati come templi giubilari i seguenti:<\/p>\n\n\n\n<p class=\"has-text-color has-link-color wp-elements-6 wp-block-paragraph\" style=\"color:#09537d;font-style:normal;font-weight:700\">Diocesi di Segovia: Chiesa dei Carmelitani Scalzi a Segovia, dove si trova il Sepolcro del santo.<\/p>\n\n\n\n<p class=\"has-text-color has-link-color wp-elements-7 wp-block-paragraph\" style=\"color:#09537d;font-style:normal;font-weight:700\">Diocesi di \u00c1vila: Parrocchia di San Cipriano a Fontiveros (luogo natale di San Giovanni della Croce), Basilica di Santa Teresa di Ges\u00f9 ad \u00c1vila e Chiesa conventuale delle Carmelitane Scalze di Duruelo (Blascomill\u00e1n).<\/p>\n\n\n\n<p class=\"has-text-color has-link-color wp-elements-8 wp-block-paragraph\" style=\"color:#09537d;font-style:normal;font-weight:700\">Diocesi di Ja\u00e9n: Chiesa-oratorio del convento dei Carmelitani Scalzi di \u00dabeda.<\/p>\n\n\n\n<p class=\"has-vivid-red-color has-text-color has-link-color has-medium-font-size wp-elements-9 wp-block-paragraph\" style=\"font-style:normal;font-weight:700\">\u00abLa speranza tanto raggiunge quanto spera\u00bb<\/p>\n\n\n\n<p class=\"has-text-color has-link-color wp-elements-10 wp-block-paragraph\" style=\"color:#09537d;font-style:normal;font-weight:700\">Il motto scelto per accompagnare questo avvenimento \u00e8 \u00abLa speranza tanto raggiunge quanto spera\u00bb. La frase, tratta da una delle poesie pi\u00f9 intense di San Giovanni della Croce, \u00e8 stata selezionata tramite una consultazione tra i religiosi della Provincia Iberica, con un\u2019ampia maggioranza di voti, su proposta di p. Maximiliano Herr\u00e1ez, OCD. Essa esprime la profondit\u00e0 della speranza cristiana secondo il santo: non come atteggiamento passivo, ma come un cammino fiducioso e audace verso Dio, nel quale l\u2019anima riceve nella misura in cui si apre con desiderio e fiducia.<\/p>\n\n\n\n<p class=\"has-text-color has-link-color wp-elements-11 wp-block-paragraph\" style=\"color:#09537d;font-style:normal;font-weight:700\">Il motto acquista un significato speciale in questo momento, poich\u00e9 stabilisce un ponte spirituale tra l\u2019Anno Giubilare della Speranza, che sta per concludersi, e il nuovo tempo giubilare che ora inizia.<\/p>\n\n\n\n<p class=\"has-text-color has-link-color wp-elements-12 wp-block-paragraph\" style=\"color:#09537d;font-style:normal;font-weight:700\">In questo modo, il Carmelo desidera offrire alla Chiesa e al mondo una parola di incoraggiamento e di fiducia in mezzo a un tempo segnato dall\u2019incertezza e dalla stanchezza.<\/p>\n\n\n\n<p class=\"has-text-color has-link-color wp-elements-13 wp-block-paragraph\" style=\"color:#09537d;font-style:normal;font-weight:700\">La prima grande immagine di questi centenari \u00e8 il manifesto ufficiale, opera di Manuel Garc\u00eda Villaca\u00f1as, pittore originario di \u00dabeda. In esso San Giovanni della Croce \u00e8 rappresentato dalla cintura in su, con l\u2019abito completo, in una posa serena e raccolta. Il volto, lavorato con precisione, trasmette umanit\u00e0 e vicinanza, ricordando che i santi furono persone in carne e ossa che raggiunsero la pienezza nella loro relazione con Dio.<\/p>\n\n\n\n<p class=\"has-text-color has-link-color wp-elements-14 wp-block-paragraph\" style=\"color:#09537d;font-style:normal;font-weight:700\">Accanto al motto e al manifesto, \u00e8 stato presentato anche il logo ufficiale dei Centenari. Con un design sobrio e contemporaneo, incornicia la silhouette del santo con una tipografia circolare che richiama i due anniversari: 300 anni dalla canonizzazione e 100 anni dal dottorato.<\/p>\n\n\n\n<p class=\"has-text-color has-link-color wp-elements-15 wp-block-paragraph\" style=\"color:#09537d;font-style:normal;font-weight:700\">Il suo tratto semplice ed elegante consente una facile identificazione visiva e sar\u00e0 l\u2019immagine di riferimento in tutte le celebrazioni, pubblicazioni e attivit\u00e0 che avranno luogo nel corso di questo giubileo.<\/p>\n\n\n\n<p class=\"has-text-color has-link-color wp-elements-16 wp-block-paragraph\" style=\"color:#09537d;font-style:normal;font-weight:700\">Con questi simboli gi\u00e0 presentati, l\u2019Ordine del Carmelo invita a partecipare a un anno di grazia nel quale si ricorderanno la canonizzazione di San Giovanni della Croce da parte di papa Benedetto XIII nel 1726 e la sua proclamazione a Dottore della Chiesa da parte di Pio XI nel 1926.<\/p>\n\n\n\n<p class=\"has-text-color has-link-color wp-elements-17 wp-block-paragraph\" style=\"color:#09537d;font-style:normal;font-weight:700\">Nel corso di questi mesi si organizzeranno celebrazioni liturgiche, congressi accademici, pubblicazioni e attivit\u00e0 culturali che avvicineranno al grande pubblico la ricchezza della sua figura.<\/p>\n\n\n\n<p class=\"has-text-color has-link-color wp-elements-18 wp-block-paragraph\" style=\"color:#09537d;font-style:normal;font-weight:700\">I Centenari Sanjuanisti vogliono essere, allo stesso tempo, memoria riconoscente e richiamo al presente: recuperare la voce del Dottore Mistico come maestro di speranza, poeta dell\u2019amore e testimone di un cammino che, cinque secoli dopo, continua a essere attuale e necessario.<\/p>\n\n\n\n<p class=\"has-vivid-red-color has-text-color has-link-color has-medium-font-size wp-elements-19 wp-block-paragraph\"><strong>Condizioni per ottenere il Giubileo<\/strong><\/p>\n\n\n\n<div class=\"wp-block-media-text is-stacked-on-mobile\" style=\"grid-template-columns:18% auto\"><figure class=\"wp-block-media-text__media\"><img decoding=\"async\" src=\"https:\/\/ocdsavila2026.com\/wp-content\/uploads\/2025\/08\/logotipo-CENTENARIO-SJ-bn-1-768x945-1.png\" alt=\"\" class=\"wp-image-3280 size-full\"\/><\/figure><div class=\"wp-block-media-text__content\">\n<p class=\"has-text-color has-background has-link-color wp-elements-20 wp-block-paragraph\" style=\"color:#064f7a;background-color:#ebe4d2;font-style:normal;font-weight:700\">Per ottenere l\u2019indulgenza giubilare, i fedeli devono adempiere a determinate condizioni specifiche visitando un tempio giubilare:<\/p>\n\n\n\n<p class=\"has-text-color has-background has-link-color wp-elements-21 wp-block-paragraph\" style=\"color:#064f7a;background-color:#ebe4d2;font-style:normal;font-weight:700\">Confessarsi: la confessione deve essere individuale e integra, senza omettere alcun peccato (entro 8 giorni prima o dopo la visita al tempio giubilare).<\/p>\n\n\n\n<p class=\"has-text-color has-background has-link-color wp-elements-22 wp-block-paragraph\" style=\"color:#064f7a;background-color:#ebe4d2;font-style:normal;font-weight:700\">Comunicarsi eucaristicamente: il fedele deve ricevere l\u2019Eucaristia.<\/p>\n\n\n\n<p class=\"has-text-color has-background has-link-color wp-elements-23 wp-block-paragraph\" style=\"color:#064f7a;background-color:#ebe4d2;font-style:normal;font-weight:700\">Pregare per il Papa: Padre nostro, Ave Maria e Gloria, pregando in modo particolare per le intenzioni del Papa.<\/p>\n\n\n\n<p class=\"has-text-color has-background has-link-color wp-elements-24 wp-block-paragraph\" style=\"color:#064f7a;background-color:#ebe4d2;font-style:normal;font-weight:700\">Escludere ogni affetto al peccato: \u00e8 necessario che il fedele escluda ogni affetto al peccato, anche veniale.<\/p>\n<\/div><\/div>\n","protected":false},"excerpt":{"rendered":"<p>Anno Giubilare L\u2019Ordine dei Carmelitani Scalzi si prepara a commemorare, a partire dal prossimo mese di dicembre, i \u00abCentenari Sanjuanisti: il terzo centenario della canonizzazione di San Giovanni della Croce (1726) e il primo centenario della sua dichiarazione a Dottore della Chiesa (1926)\u00bb. Sar\u00e0 un Anno Giubilare ricco di memoria, spiritualit\u00e0 e cultura, nel quale [&hellip;]<\/p>\n","protected":false},"author":1,"featured_media":3281,"comment_status":"closed","ping_status":"closed","sticky":false,"template":"","format":"standard","meta":{"footnotes":""},"categories":[129],"tags":[],"class_list":["post-1310","post","type-post","status-publish","format-standard","has-post-thumbnail","hentry","category-presentazioni"],"yoast_head":"<!-- This site is optimized with the Yoast SEO plugin v28.4 - https:\/\/yoast.com\/product\/yoast-seo-wordpress\/ -->\n<title>Anno Giubilare di San Giovanni della Croce - OCDS 2026<\/title>\n<meta name=\"robots\" content=\"index, follow, max-snippet:-1, max-image-preview:large, max-video-preview:-1\" \/>\n<link rel=\"canonical\" href=\"https:\/\/ocdsavila2026.com\/it\/contemplativi-di-fretta\/\" \/>\n<meta property=\"og:locale\" content=\"it_IT\" \/>\n<meta property=\"og:type\" content=\"article\" \/>\n<meta property=\"og:title\" content=\"Anno Giubilare di San Giovanni della Croce - OCDS 2026\" \/>\n<meta property=\"og:description\" content=\"Anno Giubilare L\u2019Ordine dei Carmelitani Scalzi si prepara a commemorare, a partire dal prossimo mese di dicembre, i \u00abCentenari Sanjuanisti: il terzo centenario della canonizzazione di San Giovanni della Croce (1726) e il primo centenario della sua dichiarazione a Dottore della Chiesa (1926)\u00bb. Sar\u00e0 un Anno Giubilare ricco di memoria, spiritualit\u00e0 e cultura, nel quale [&hellip;]\" \/>\n<meta property=\"og:url\" content=\"https:\/\/ocdsavila2026.com\/it\/contemplativi-di-fretta\/\" \/>\n<meta property=\"og:site_name\" content=\"OCDS 2026\" \/>\n<meta property=\"article:published_time\" content=\"2025-12-14T01:25:35+00:00\" \/>\n<meta property=\"article:modified_time\" content=\"2025-12-15T00:25:33+00:00\" \/>\n<meta property=\"og:image\" content=\"https:\/\/ocdsavila2026.com\/wp-content\/uploads\/2025\/12\/santo-padre2.jpg\" \/>\n\t<meta property=\"og:image:width\" content=\"1280\" \/>\n\t<meta property=\"og:image:height\" content=\"800\" \/>\n\t<meta property=\"og:image:type\" content=\"image\/jpeg\" \/>\n<meta name=\"author\" content=\"admin\" \/>\n<meta name=\"twitter:card\" content=\"summary_large_image\" \/>\n<meta name=\"twitter:label1\" content=\"Scritto da\" \/>\n\t<meta name=\"twitter:data1\" content=\"admin\" \/>\n\t<meta name=\"twitter:label2\" content=\"Tempo di lettura stimato\" \/>\n\t<meta name=\"twitter:data2\" content=\"4 minuti\" \/>\n<script type=\"application\/ld+json\" class=\"yoast-schema-graph\">{\"@context\":\"https:\\\/\\\/schema.org\",\"@graph\":[{\"@type\":\"Article\",\"@id\":\"https:\\\/\\\/ocdsavila2026.com\\\/it\\\/contemplativi-di-fretta\\\/#article\",\"isPartOf\":{\"@id\":\"https:\\\/\\\/ocdsavila2026.com\\\/it\\\/contemplativi-di-fretta\\\/\"},\"author\":{\"name\":\"admin\",\"@id\":\"https:\\\/\\\/ocdsavila2026.com\\\/it\\\/#\\\/schema\\\/person\\\/93304ebced607cf69b78a116a3513457\"},\"headline\":\"Anno Giubilare di San Giovanni della Croce\",\"datePublished\":\"2025-12-14T01:25:35+00:00\",\"dateModified\":\"2025-12-15T00:25:33+00:00\",\"mainEntityOfPage\":{\"@id\":\"https:\\\/\\\/ocdsavila2026.com\\\/it\\\/contemplativi-di-fretta\\\/\"},\"wordCount\":735,\"publisher\":{\"@id\":\"https:\\\/\\\/ocdsavila2026.com\\\/it\\\/#organization\"},\"image\":{\"@id\":\"https:\\\/\\\/ocdsavila2026.com\\\/it\\\/contemplativi-di-fretta\\\/#primaryimage\"},\"thumbnailUrl\":\"https:\\\/\\\/ocdsavila2026.com\\\/wp-content\\\/uploads\\\/2025\\\/12\\\/santo-padre2.jpg\",\"articleSection\":[\"Presentazioni\"],\"inLanguage\":\"it-IT\"},{\"@type\":\"WebPage\",\"@id\":\"https:\\\/\\\/ocdsavila2026.com\\\/it\\\/contemplativi-di-fretta\\\/\",\"url\":\"https:\\\/\\\/ocdsavila2026.com\\\/it\\\/contemplativi-di-fretta\\\/\",\"name\":\"Anno Giubilare di San Giovanni della Croce - OCDS 2026\",\"isPartOf\":{\"@id\":\"https:\\\/\\\/ocdsavila2026.com\\\/it\\\/#website\"},\"primaryImageOfPage\":{\"@id\":\"https:\\\/\\\/ocdsavila2026.com\\\/it\\\/contemplativi-di-fretta\\\/#primaryimage\"},\"image\":{\"@id\":\"https:\\\/\\\/ocdsavila2026.com\\\/it\\\/contemplativi-di-fretta\\\/#primaryimage\"},\"thumbnailUrl\":\"https:\\\/\\\/ocdsavila2026.com\\\/wp-content\\\/uploads\\\/2025\\\/12\\\/santo-padre2.jpg\",\"datePublished\":\"2025-12-14T01:25:35+00:00\",\"dateModified\":\"2025-12-15T00:25:33+00:00\",\"breadcrumb\":{\"@id\":\"https:\\\/\\\/ocdsavila2026.com\\\/it\\\/contemplativi-di-fretta\\\/#breadcrumb\"},\"inLanguage\":\"it-IT\",\"potentialAction\":[{\"@type\":\"ReadAction\",\"target\":[\"https:\\\/\\\/ocdsavila2026.com\\\/it\\\/contemplativi-di-fretta\\\/\"]}]},{\"@type\":\"ImageObject\",\"inLanguage\":\"it-IT\",\"@id\":\"https:\\\/\\\/ocdsavila2026.com\\\/it\\\/contemplativi-di-fretta\\\/#primaryimage\",\"url\":\"https:\\\/\\\/ocdsavila2026.com\\\/wp-content\\\/uploads\\\/2025\\\/12\\\/santo-padre2.jpg\",\"contentUrl\":\"https:\\\/\\\/ocdsavila2026.com\\\/wp-content\\\/uploads\\\/2025\\\/12\\\/santo-padre2.jpg\",\"width\":1280,\"height\":800},{\"@type\":\"BreadcrumbList\",\"@id\":\"https:\\\/\\\/ocdsavila2026.com\\\/it\\\/contemplativi-di-fretta\\\/#breadcrumb\",\"itemListElement\":[{\"@type\":\"ListItem\",\"position\":1,\"name\":\"Portada\",\"item\":\"https:\\\/\\\/ocdsavila2026.com\\\/it\\\/\"},{\"@type\":\"ListItem\",\"position\":2,\"name\":\"Anno Giubilare di San Giovanni della Croce\"}]},{\"@type\":\"WebSite\",\"@id\":\"https:\\\/\\\/ocdsavila2026.com\\\/it\\\/#website\",\"url\":\"https:\\\/\\\/ocdsavila2026.com\\\/it\\\/\",\"name\":\"OCDS 2026\",\"description\":\"Encuentro Mundial OCDS 2026\",\"publisher\":{\"@id\":\"https:\\\/\\\/ocdsavila2026.com\\\/it\\\/#organization\"},\"potentialAction\":[{\"@type\":\"SearchAction\",\"target\":{\"@type\":\"EntryPoint\",\"urlTemplate\":\"https:\\\/\\\/ocdsavila2026.com\\\/it\\\/?s={search_term_string}\"},\"query-input\":{\"@type\":\"PropertyValueSpecification\",\"valueRequired\":true,\"valueName\":\"search_term_string\"}}],\"inLanguage\":\"it-IT\"},{\"@type\":\"Organization\",\"@id\":\"https:\\\/\\\/ocdsavila2026.com\\\/it\\\/#organization\",\"name\":\"Carmelitas descalzos\",\"url\":\"https:\\\/\\\/ocdsavila2026.com\\\/it\\\/\",\"logo\":{\"@type\":\"ImageObject\",\"inLanguage\":\"it-IT\",\"@id\":\"https:\\\/\\\/ocdsavila2026.com\\\/it\\\/#\\\/schema\\\/logo\\\/image\\\/\",\"url\":\"https:\\\/\\\/ocdsavila2026.com\\\/wp-content\\\/uploads\\\/2026\\\/01\\\/logoiberica-scaled-1.png\",\"contentUrl\":\"https:\\\/\\\/ocdsavila2026.com\\\/wp-content\\\/uploads\\\/2026\\\/01\\\/logoiberica-scaled-1.png\",\"width\":2560,\"height\":2560,\"caption\":\"Carmelitas descalzos\"},\"image\":{\"@id\":\"https:\\\/\\\/ocdsavila2026.com\\\/it\\\/#\\\/schema\\\/logo\\\/image\\\/\"}},{\"@type\":\"Person\",\"@id\":\"https:\\\/\\\/ocdsavila2026.com\\\/it\\\/#\\\/schema\\\/person\\\/93304ebced607cf69b78a116a3513457\",\"name\":\"admin\",\"image\":{\"@type\":\"ImageObject\",\"inLanguage\":\"it-IT\",\"@id\":\"https:\\\/\\\/secure.gravatar.com\\\/avatar\\\/948b492cce32b586ac2db0eaa926ee87024f7afe218d73b397ea5ddfc5f43ea1?s=96&d=mm&r=g\",\"url\":\"https:\\\/\\\/secure.gravatar.com\\\/avatar\\\/948b492cce32b586ac2db0eaa926ee87024f7afe218d73b397ea5ddfc5f43ea1?s=96&d=mm&r=g\",\"contentUrl\":\"https:\\\/\\\/secure.gravatar.com\\\/avatar\\\/948b492cce32b586ac2db0eaa926ee87024f7afe218d73b397ea5ddfc5f43ea1?s=96&d=mm&r=g\",\"caption\":\"admin\"},\"sameAs\":[\"https:\\\/\\\/ocdsavila2026.com\"],\"url\":\"https:\\\/\\\/ocdsavila2026.com\\\/it\\\/author\\\/sjdigital\\\/\"}]}<\/script>\n<!-- \/ Yoast SEO plugin. -->","yoast_head_json":{"title":"Anno Giubilare di San Giovanni della Croce - OCDS 2026","robots":{"index":"index","follow":"follow","max-snippet":"max-snippet:-1","max-image-preview":"max-image-preview:large","max-video-preview":"max-video-preview:-1"},"canonical":"https:\/\/ocdsavila2026.com\/it\/contemplativi-di-fretta\/","og_locale":"it_IT","og_type":"article","og_title":"Anno Giubilare di San Giovanni della Croce - OCDS 2026","og_description":"Anno Giubilare L\u2019Ordine dei Carmelitani Scalzi si prepara a commemorare, a partire dal prossimo mese di dicembre, i \u00abCentenari Sanjuanisti: il terzo centenario della canonizzazione di San Giovanni della Croce (1726) e il primo centenario della sua dichiarazione a Dottore della Chiesa (1926)\u00bb. Sar\u00e0 un Anno Giubilare ricco di memoria, spiritualit\u00e0 e cultura, nel quale [&hellip;]","og_url":"https:\/\/ocdsavila2026.com\/it\/contemplativi-di-fretta\/","og_site_name":"OCDS 2026","article_published_time":"2025-12-14T01:25:35+00:00","article_modified_time":"2025-12-15T00:25:33+00:00","og_image":[{"width":1280,"height":800,"url":"https:\/\/ocdsavila2026.com\/wp-content\/uploads\/2025\/12\/santo-padre2.jpg","type":"image\/jpeg"}],"author":"admin","twitter_card":"summary_large_image","twitter_misc":{"Scritto da":"admin","Tempo di lettura stimato":"4 minuti"},"schema":{"@context":"https:\/\/schema.org","@graph":[{"@type":"Article","@id":"https:\/\/ocdsavila2026.com\/it\/contemplativi-di-fretta\/#article","isPartOf":{"@id":"https:\/\/ocdsavila2026.com\/it\/contemplativi-di-fretta\/"},"author":{"name":"admin","@id":"https:\/\/ocdsavila2026.com\/it\/#\/schema\/person\/93304ebced607cf69b78a116a3513457"},"headline":"Anno Giubilare di San Giovanni della Croce","datePublished":"2025-12-14T01:25:35+00:00","dateModified":"2025-12-15T00:25:33+00:00","mainEntityOfPage":{"@id":"https:\/\/ocdsavila2026.com\/it\/contemplativi-di-fretta\/"},"wordCount":735,"publisher":{"@id":"https:\/\/ocdsavila2026.com\/it\/#organization"},"image":{"@id":"https:\/\/ocdsavila2026.com\/it\/contemplativi-di-fretta\/#primaryimage"},"thumbnailUrl":"https:\/\/ocdsavila2026.com\/wp-content\/uploads\/2025\/12\/santo-padre2.jpg","articleSection":["Presentazioni"],"inLanguage":"it-IT"},{"@type":"WebPage","@id":"https:\/\/ocdsavila2026.com\/it\/contemplativi-di-fretta\/","url":"https:\/\/ocdsavila2026.com\/it\/contemplativi-di-fretta\/","name":"Anno Giubilare di San Giovanni della Croce - OCDS 2026","isPartOf":{"@id":"https:\/\/ocdsavila2026.com\/it\/#website"},"primaryImageOfPage":{"@id":"https:\/\/ocdsavila2026.com\/it\/contemplativi-di-fretta\/#primaryimage"},"image":{"@id":"https:\/\/ocdsavila2026.com\/it\/contemplativi-di-fretta\/#primaryimage"},"thumbnailUrl":"https:\/\/ocdsavila2026.com\/wp-content\/uploads\/2025\/12\/santo-padre2.jpg","datePublished":"2025-12-14T01:25:35+00:00","dateModified":"2025-12-15T00:25:33+00:00","breadcrumb":{"@id":"https:\/\/ocdsavila2026.com\/it\/contemplativi-di-fretta\/#breadcrumb"},"inLanguage":"it-IT","potentialAction":[{"@type":"ReadAction","target":["https:\/\/ocdsavila2026.com\/it\/contemplativi-di-fretta\/"]}]},{"@type":"ImageObject","inLanguage":"it-IT","@id":"https:\/\/ocdsavila2026.com\/it\/contemplativi-di-fretta\/#primaryimage","url":"https:\/\/ocdsavila2026.com\/wp-content\/uploads\/2025\/12\/santo-padre2.jpg","contentUrl":"https:\/\/ocdsavila2026.com\/wp-content\/uploads\/2025\/12\/santo-padre2.jpg","width":1280,"height":800},{"@type":"BreadcrumbList","@id":"https:\/\/ocdsavila2026.com\/it\/contemplativi-di-fretta\/#breadcrumb","itemListElement":[{"@type":"ListItem","position":1,"name":"Portada","item":"https:\/\/ocdsavila2026.com\/it\/"},{"@type":"ListItem","position":2,"name":"Anno Giubilare di San Giovanni della Croce"}]},{"@type":"WebSite","@id":"https:\/\/ocdsavila2026.com\/it\/#website","url":"https:\/\/ocdsavila2026.com\/it\/","name":"OCDS 2026","description":"Encuentro Mundial OCDS 2026","publisher":{"@id":"https:\/\/ocdsavila2026.com\/it\/#organization"},"potentialAction":[{"@type":"SearchAction","target":{"@type":"EntryPoint","urlTemplate":"https:\/\/ocdsavila2026.com\/it\/?s={search_term_string}"},"query-input":{"@type":"PropertyValueSpecification","valueRequired":true,"valueName":"search_term_string"}}],"inLanguage":"it-IT"},{"@type":"Organization","@id":"https:\/\/ocdsavila2026.com\/it\/#organization","name":"Carmelitas descalzos","url":"https:\/\/ocdsavila2026.com\/it\/","logo":{"@type":"ImageObject","inLanguage":"it-IT","@id":"https:\/\/ocdsavila2026.com\/it\/#\/schema\/logo\/image\/","url":"https:\/\/ocdsavila2026.com\/wp-content\/uploads\/2026\/01\/logoiberica-scaled-1.png","contentUrl":"https:\/\/ocdsavila2026.com\/wp-content\/uploads\/2026\/01\/logoiberica-scaled-1.png","width":2560,"height":2560,"caption":"Carmelitas descalzos"},"image":{"@id":"https:\/\/ocdsavila2026.com\/it\/#\/schema\/logo\/image\/"}},{"@type":"Person","@id":"https:\/\/ocdsavila2026.com\/it\/#\/schema\/person\/93304ebced607cf69b78a116a3513457","name":"admin","image":{"@type":"ImageObject","inLanguage":"it-IT","@id":"https:\/\/secure.gravatar.com\/avatar\/948b492cce32b586ac2db0eaa926ee87024f7afe218d73b397ea5ddfc5f43ea1?s=96&d=mm&r=g","url":"https:\/\/secure.gravatar.com\/avatar\/948b492cce32b586ac2db0eaa926ee87024f7afe218d73b397ea5ddfc5f43ea1?s=96&d=mm&r=g","contentUrl":"https:\/\/secure.gravatar.com\/avatar\/948b492cce32b586ac2db0eaa926ee87024f7afe218d73b397ea5ddfc5f43ea1?s=96&d=mm&r=g","caption":"admin"},"sameAs":["https:\/\/ocdsavila2026.com"],"url":"https:\/\/ocdsavila2026.com\/it\/author\/sjdigital\/"}]}},"_links":{"self":[{"href":"https:\/\/ocdsavila2026.com\/it\/wp-json\/wp\/v2\/posts\/1310","targetHints":{"allow":["GET"]}}],"collection":[{"href":"https:\/\/ocdsavila2026.com\/it\/wp-json\/wp\/v2\/posts"}],"about":[{"href":"https:\/\/ocdsavila2026.com\/it\/wp-json\/wp\/v2\/types\/post"}],"author":[{"embeddable":true,"href":"https:\/\/ocdsavila2026.com\/it\/wp-json\/wp\/v2\/users\/1"}],"replies":[{"embeddable":true,"href":"https:\/\/ocdsavila2026.com\/it\/wp-json\/wp\/v2\/comments?post=1310"}],"version-history":[{"count":6,"href":"https:\/\/ocdsavila2026.com\/it\/wp-json\/wp\/v2\/posts\/1310\/revisions"}],"predecessor-version":[{"id":3339,"href":"https:\/\/ocdsavila2026.com\/it\/wp-json\/wp\/v2\/posts\/1310\/revisions\/3339"}],"wp:featuredmedia":[{"embeddable":true,"href":"https:\/\/ocdsavila2026.com\/it\/wp-json\/wp\/v2\/media\/3281"}],"wp:attachment":[{"href":"https:\/\/ocdsavila2026.com\/it\/wp-json\/wp\/v2\/media?parent=1310"}],"wp:term":[{"taxonomy":"category","embeddable":true,"href":"https:\/\/ocdsavila2026.com\/it\/wp-json\/wp\/v2\/categories?post=1310"},{"taxonomy":"post_tag","embeddable":true,"href":"https:\/\/ocdsavila2026.com\/it\/wp-json\/wp\/v2\/tags?post=1310"}],"curies":[{"name":"wp","href":"https:\/\/api.w.org\/{rel}","templated":true}]}}