{"id":2026,"date":"2025-11-24T16:22:40","date_gmt":"2025-11-24T15:22:40","guid":{"rendered":"https:\/\/ocdsavila2026.com\/relatori-alla-riunione\/"},"modified":"2025-12-17T00:24:38","modified_gmt":"2025-12-16T23:24:38","slug":"relatori-alla-riunione","status":"publish","type":"post","link":"https:\/\/ocdsavila2026.com\/it\/relatori-alla-riunione\/","title":{"rendered":"I relatori della riunione"},"content":{"rendered":"\n<p class=\"has-vivid-red-color has-text-color has-link-color has-medium-font-size wp-elements-1 wp-block-paragraph\" style=\"font-style:normal;font-weight:700\">P. Fr. Miguel M\u00e1rquez Calle O.C.D., Superiore Generale<\/p>\n\n\n\n<div class=\"wp-block-media-text is-stacked-on-mobile is-vertically-aligned-top\" style=\"grid-template-columns:24% auto\"><figure class=\"wp-block-media-text__media\"><img decoding=\"async\" src=\"https:\/\/ocdsavila2026.com\/wp-content\/uploads\/2025\/11\/miguelito.jpg\" alt=\"\" class=\"wp-image-3457 size-full\"\/><\/figure><div class=\"wp-block-media-text__content\">\n<p class=\"has-text-color has-link-color wp-elements-2 wp-block-paragraph\" style=\"color:#064f7a;font-style:normal;font-weight:700\">Il Padre Miguel de Mar\u00eda M\u00e1rquez Calle, OCD, \u00e8 nato nel 1965 a Plasencia (C\u00e1ceres), Spagna. \u00c8 entrato nell\u2019Ordine dei Carmelitani Scalzi nel 1983 e ha emesso la professione religiosa nel 1985. \u00c8 stato ordinato sacerdote a Medina del Campo nel 1990. Si \u00e8 laureato in teologia dogmatica presso la Pontificia Universit\u00e0 Comillas di Madrid (Spagna), con una tesi sull\u2019immagine di Dio nel Magnificat.<\/p>\n\n\n\n<p class=\"has-text-color has-link-color wp-elements-3 wp-block-paragraph\" style=\"color:#064f7a;font-style:normal;font-weight:700\">Ha occupato varie responsabilit\u00e0 nelle province di Castiglia e Iberica. Nella Provincia di Castiglia, il Padre Miguel \u00e8 stato Consigliere Provinciale dal 1999 al 2002 poi Vicario Provinciale dal 2002 al 2005, incarico al quale \u00e8 stato nuovamente eletto nel Capitolo Provinciale del 2008. Fu poi Superiore Provinciale della Provincia di Castiglia. \u00c8 stato anche maestro degli studenti per sei anni nella comunit\u00e0 di Salamanca. Nel febbraio 2015, Padre M\u00e1rquez \u00e8 stato eletto primo Superiore Provinciale a servire la nuova Provincia Iberica di Santa Teresa di Ges\u00f9, nata dall\u2019unione di cinque Province Carmelitane Scalze di Spagna e delle Isole Baleari, nel Capitolo Provinciale straordinario convocato a tale scopo. \u00c8 stato rieletto ancora una volta nel primo Capitolo provinciale ordinario, nell\u2019aprile 2017, per il triennio 2017-2020.<\/p>\n\n\n\n<p class=\"has-text-color has-link-color wp-elements-4 wp-block-paragraph\" style=\"color:#064f7a;font-style:normal;font-weight:700\">Il Padre Miguel M\u00e1rquez \u00e8 autore di numerose pubblicazioni di teologia e spiritualit\u00e0. Ha scritto numerosi articoli e collabora regolarmente con riviste e giornali. \u00c8 stato anche professore di mistica e mariologia al CITeS di Avila, professore di mariologia nel programma di rinnovamento carmelitano del Monastero Stella Maris di Monte Carmelo e professore di pastorale all\u2019Istituto di Spiritualit\u00e0 di Santo Domingo.<\/p>\n\n\n\n<p class=\"has-text-color has-link-color wp-elements-5 wp-block-paragraph\" style=\"color:#064f7a;font-style:normal;font-weight:700\">Il Padre Miguel ha predicato molti esercizi spirituali e giornate di ritiro, e ha assistito molti gruppi di preghiera. Ha dedicato molto tempo alla direzione spirituale e all\u2019accompagnamento di molte persone, tra cui sacerdoti, religiosi e laici.<\/p>\n\n\n\n<p class=\"has-text-align-left has-vivid-red-color has-text-color has-link-color wp-elements-6 wp-block-paragraph\"><strong>Conferenza: \"L' identit\u00e1 del carmelitano secolares\". <\/strong><\/p>\n\n\n\n<p class=\"has-text-align-left has-vivid-red-color has-text-color has-link-color wp-elements-7 wp-block-paragraph\"><strong>23 luglio 2026, ore 13:00<\/strong> <strong>h.<\/strong><\/p>\n<\/div><\/div>\n\n\n\n<div class=\"wp-block-media-text has-media-on-the-right is-stacked-on-mobile is-vertically-aligned-center\" style=\"grid-template-columns:auto 24%\"><div class=\"wp-block-media-text__content\">\n<p class=\"has-vivid-red-color has-text-color has-link-color has-medium-font-size wp-elements-8 wp-block-paragraph\"><strong>TEODOLINDA (LINDA ) LEVI O.C.D.S.<\/strong><\/p>\n\n\n\n<p class=\"has-text-color has-link-color wp-elements-9 wp-block-paragraph\" style=\"color:#064f7a\"><strong>Teodolinda (Linda) Levi vive a Rovigo, una citt\u00e0 del Veneto. \u00c8 un'insegnante in pensione che ha insegnato filosofia e scienze umane in un liceo della citt\u00e0 in cui vive. I suoi studi all'Universit\u00e0 Cattolica di Milano e la sua appartenenza a un'associazione di insegnanti cattolici hanno posto le basi della sua formazione giovanile, non solo culturale, ma anche - e soprattutto - religiosa. Per molti anni sono stata catechista nella mia parrocchia e oggi sono ministra della Comunione e conduco un servizio di adorazione settimanale. \u00c8 entrata nell'Ordine Carmelitano Secolare nel 1999 e ha fatto la sua Promessa definitiva nel 2008. Nel 2014 \u00e8 stata eletta Presidente Provinciale e ha svolto due mandati triennali fino al 2021 (un anno in pi\u00f9 a causa della pandemia che ha ritardato le votazioni). Nel 2021 \u00e8 stata eletta Presidente del Comitato di Coordinamento Interprovinciale Italiano e rieletta per un secondo mandato triennale che terminer\u00e0 nel novembre 2026.        <\/strong><\/p>\n\n\n\n<p class=\"has-text-align-left has-vivid-red-color has-text-color has-link-color wp-elements-10 wp-block-paragraph\"><strong>Conferenza: \"Senso di appartenenza e corresponsabilit\u00e0\".  <\/strong><\/p>\n\n\n\n<p class=\"has-text-align-left has-vivid-red-color has-text-color has-link-color wp-elements-11 wp-block-paragraph\"><strong>23 luglio 2026, ore 16:00<\/strong><\/p>\n<\/div><figure class=\"wp-block-media-text__media\"><img loading=\"lazy\" decoding=\"async\" width=\"210\" height=\"220\" src=\"https:\/\/ocdsavila2026.com\/wp-content\/uploads\/2025\/11\/image.png\" alt=\"\" class=\"wp-image-2048 size-full\"\/><\/figure><\/div>\n\n\n\n<p class=\"has-vivid-red-color has-text-color has-link-color has-medium-font-size wp-elements-12 wp-block-paragraph\" style=\"font-style:normal;font-weight:700\"><strong>ANGELA VEL O.C.D.S. (Vidya Angela Kulanthevel-Vel)<\/strong><\/p>\n\n\n\n<div class=\"wp-block-group is-nowrap is-layout-flex wp-container-core-group-is-layout-8f761849 wp-block-group-is-layout-flex\">\n<div class=\"wp-block-media-text is-stacked-on-mobile is-vertically-aligned-top\" style=\"grid-template-columns:28% auto\"><figure class=\"wp-block-media-text__media\"><img loading=\"lazy\" decoding=\"async\" width=\"234\" height=\"280\" src=\"https:\/\/ocdsavila2026.com\/wp-content\/uploads\/2025\/11\/image-2.png\" alt=\"\" class=\"wp-image-2663 size-full\"\/><\/figure><div class=\"wp-block-media-text__content\">\n<p class=\"has-text-color has-link-color wp-elements-13 wp-block-paragraph\" style=\"color:#064f7a;font-style:normal;font-weight:600\">Angela vive a Hampton, Virginia, USA. Si \u00e8 unita all'Ordine Secolare dei Carmelitani Scalzi dopo aver letto le opere di San Giovanni della Croce. \u00c8 membro professo definitivo dell'Ordine Secolare dei Carmelitani Scalzi della Provincia di Washington del Cuore Immacolato di Maria e Direttore della Formazione presso la Comunit\u00e0 di San Giuseppe a Hampton, Virginia. Angela rappresenta la sua provincia nella task force degli Stati Uniti che sta sviluppando un programma di formazione unificato per tutti i carmelitani secolari del paese. Ha conseguito un certificato in Studi Carmelitani presso la Washington Theological Union. Ha maturato oltre trent'anni di esperienza nella professione legale, specializzandosi in diritto delle lesioni personali. Ora \u00e8 semi-pensionata e le piace viaggiare, dipingere e fare giardinaggio.<\/p>\n\n\n\n<p class=\"has-vivid-red-color has-text-color has-link-color wp-elements-14 wp-block-paragraph\" style=\"font-style:italic;font-weight:700\">Conferenza: \"Formazione iniziale e continua\".<\/p>\n\n\n\n<p class=\"has-vivid-red-color has-text-color has-link-color wp-elements-15 wp-block-paragraph\" style=\"font-style:italic;font-weight:700\">23 luglio 2026, ore 17.30<\/p>\n<\/div><\/div>\n\n\n\n<p class=\"has-vivid-cyan-blue-color has-text-color has-link-color wp-elements-16 wp-block-paragraph\" style=\"font-style:normal;font-weight:700\">.<\/p>\n\n\n\n<p class=\"wp-block-paragraph\"><\/p>\n\n\n\n<p class=\"wp-block-paragraph\"><\/p>\n<\/div>\n\n\n\n<p class=\"has-vivid-red-color has-text-color has-link-color wp-elements-17 wp-block-paragraph\" style=\"font-style:italic;font-weight:700\"><\/p>\n\n\n\n<p class=\"wp-block-paragraph\"><\/p>\n\n\n\n<div class=\"wp-block-group is-nowrap is-layout-flex wp-container-core-group-is-layout-8f761849 wp-block-group-is-layout-flex\">\n<p class=\"has-text-align-left has-text-color has-link-color wp-elements-18 wp-block-paragraph\" style=\"color:#064f7a;font-style:normal;font-weight:700\"><\/p>\n\n\n\n<p class=\"wp-block-paragraph\"><\/p>\n<\/div>\n\n\n\n<div class=\"wp-block-group is-nowrap is-layout-flex wp-container-core-group-is-layout-8f761849 wp-block-group-is-layout-flex\">\n<p class=\"has-vivid-red-color has-text-color has-link-color has-medium-font-size wp-elements-19 wp-block-paragraph\" style=\"font-style:normal;font-weight:700\">Frate Alzinir Francisco Debastiani OCD<\/p>\n<\/div>\n\n\n\n<p class=\"has-vivid-cyan-blue-color has-text-color has-link-color wp-elements-20 wp-block-paragraph\" style=\"font-style:normal;font-weight:700\"><\/p>\n\n\n\n<div class=\"wp-block-media-text has-media-on-the-right is-stacked-on-mobile is-vertically-aligned-top\" style=\"grid-template-columns:auto 28%\"><div class=\"wp-block-media-text__content\">\n<p class=\"has-text-color has-link-color wp-elements-21 wp-block-paragraph\" style=\"color:#064f7a;font-style:normal;font-weight:600\"><strong>Frate Alzinir Francisco Debastiani OCD<\/strong> \u00e8 nato nello Stato di Santa Catarina, nel sud del Brasile. Nel 1984, dopo un anno di noviziato, ha emesso i primi voti nella Provincia \u00abSan Giuseppe\u00bb del Brasile. Ha studiato filosofia a Belo Horizonte e teologia al Collegio Internazionale dell\u2019Ordine a Roma. \u00c8 stato ordinato sacerdote nel 1991.<\/p>\n\n\n\n<p class=\"has-text-color has-link-color wp-elements-22 wp-block-paragraph\" style=\"color:#064f7a;font-style:normal;font-weight:600\">Nella sua provincia ha svolto diversi incarichi: parroco, formatore degli studenti, maestro dei novizi, provinciale e delegato per il Carmelo secolare.<\/p>\n\n\n\n<p class=\"has-text-color has-link-color wp-elements-23 wp-block-paragraph\" style=\"color:#064f7a;font-style:normal;font-weight:600\">Dal 2012 al 2021 ha ricoperto l\u2019incarico di <strong>Delegato generale per l\u2019Ordine Secolare<\/strong>.. Attualmente \u00e8 <strong>superiore del Centro Teresiano di Spiritualit\u00e0 di S\u00e3o Roque<\/strong>, casa di ritiri e sede del noviziato della sua Provincia. Collabora all\u2019accompagnamento delle Monache Carmelitane Scalze e partecipa anche all\u2019organizzazione di ritiri spirituali.<\/p>\n\n\n\n<p class=\"has-vivid-red-color has-text-color has-link-color wp-elements-24 wp-block-paragraph\" style=\"font-style:normal;font-weight:700\"><strong>Conferenza: \u00abL\u2019accompagnamento pastorale dell\u2019Ordine dei Carmelitani Scalzi Secolari (OCDS)\u00bb<\/strong><\/p>\n\n\n\n<p class=\"has-vivid-red-color has-text-color has-link-color wp-elements-25 wp-block-paragraph\" style=\"font-style:normal;font-weight:700\"><strong>24 luglio 2026, ore 11.30<\/strong><\/p>\n<\/div><figure class=\"wp-block-media-text__media\"><img decoding=\"async\" src=\"https:\/\/ocdsavila2026.com\/wp-content\/uploads\/2025\/08\/alzinir.jpg\" alt=\"\" class=\"wp-image-3247 size-full\"\/><\/figure><\/div>\n\n\n\n<p class=\"wp-block-paragraph\"><\/p>\n\n\n\n<p class=\"has-vivid-red-color has-text-color has-link-color has-medium-font-size wp-elements-26 wp-block-paragraph\" style=\"font-style:normal;font-weight:700\">Manuel V\u00e1squez O.C.D.S.<\/p>\n\n\n\n<div class=\"wp-block-media-text is-stacked-on-mobile is-vertically-aligned-top\" style=\"grid-template-columns:22% auto\"><figure class=\"wp-block-media-text__media\"><img decoding=\"async\" src=\"https:\/\/ocdsavila2026.com\/wp-content\/uploads\/2025\/08\/manuel-vasquez.jpg\" alt=\"\" class=\"wp-image-3248 size-full\"\/><\/figure><div class=\"wp-block-media-text__content\">\n<p class=\"has-text-color has-link-color wp-elements-27 wp-block-paragraph\" style=\"color:#064f7a;font-style:normal;font-weight:700\">Sono ecuadoregno, della citt\u00e0 di Cuenca, e ho 42 anni.<br>Sono sposato con Jessica Pacheco, anche lei membro dell\u2019OCDS. Da 15 anni abbiamo iniziato insieme un cammino di fede e di amore che cerchiamo di vivere alla luce del Carmelo. Dio ci ha benedetti con due figli: Miranda, di 14 anni, che partecipa ai gruppi giovanili della nostra parrocchia carmelitana, e Jes\u00fas, di 10 anni, che si prepara alla Prima Comunione e serve con gioia come chierichetto.<\/p>\n\n\n\n<p class=\"has-text-color has-link-color wp-elements-28 wp-block-paragraph\" style=\"color:#064f7a;font-style:normal;font-weight:700\">Con Jessica abbiamo fondato nel 2013 la comunit\u00e0 Santos Esposos Mart\u00edn Gu\u00e9rin a Cuenca, ispirati dalla vita dei santi Luigi e Zelia Martin. Nella nostra famiglia cerchiamo di vivere la preghiera, la fraternit\u00e0 e il servizio come pilastri della nostra vita familiare.<\/p>\n\n\n\n<p class=\"has-text-color has-link-color wp-elements-29 wp-block-paragraph\" style=\"color:#064f7a;font-style:normal;font-weight:700\">Il mio nome religioso, Manuel di San Giuseppe, esprime il mio desiderio di seguire l\u2019esempio del Santo Patriarca: essere sposo fedele, padre responsabile e lavoratore silenzioso, camminando poco a poco \u00abper il piccolo cammino verso il cielo\u00bb.<\/p>\n\n\n\n<p class=\"has-text-color has-link-color wp-elements-30 wp-block-paragraph\" style=\"color:#064f7a;font-style:normal;font-weight:700\">Nel 2014 ho iniziato formalmente il mio cammino nell\u2019OCDS, nella comunit\u00e0 Santos Esposos Mart\u00edn Gu\u00e9rin. \u00c8 stato un processo di crescita interiore, di preghiera e di incontro con Dio attraverso i miei fratelli.<\/p>\n<\/div><\/div>\n\n\n\n<p class=\"has-text-color has-link-color wp-elements-31 wp-block-paragraph\" style=\"color:#064f7a;font-style:normal;font-weight:700\">Attualmente ho cinque anni di Promessa Definitiva e continuo a imparare a camminare nella presenza di Dio, cercando di servire con umilt\u00e0 e fedelt\u00e0 il nostro carisma. Attualmente sono Presidente Nazionale.<\/p>\n\n\n\n<p class=\"has-text-color has-link-color wp-elements-32 wp-block-paragraph\" style=\"color:#064f7a;font-style:normal;font-weight:700\">Il mio servizio nel Carmelo \u00e8 sempre stato una risposta d\u2019amore. Mi muove il desiderio di costruire fraternit\u00e0, accompagnare i processi di formazione e animare le comunit\u00e0 a vivere un Carmelo vivo, in comunione con la Chiesa.<\/p>\n\n\n\n<p class=\"has-text-color has-link-color wp-elements-33 wp-block-paragraph\" style=\"color:#064f7a;font-style:normal;font-weight:700\">Professionalmente sono Ingegnere in Sistemi Informatici.<\/p>\n\n\n\n<p class=\"has-vivid-red-color has-text-color has-link-color wp-elements-34 wp-block-paragraph\" style=\"font-style:normal;font-weight:700\">Conferenza: \u00abFormare insieme la Comunit\u00e0 Teresiana\u00bb<\/p>\n\n\n\n<p class=\"has-vivid-red-color has-text-color has-link-color wp-elements-35 wp-block-paragraph\" style=\"font-style:normal;font-weight:700\">24 luglio 2026, ore 13.00<\/p>\n\n\n\n<p class=\"wp-block-paragraph\"><\/p>\n\n\n\n<p class=\"wp-block-paragraph\"><\/p>\n\n\n\n<div class=\"wp-block-group is-nowrap is-layout-flex wp-container-core-group-is-layout-8f761849 wp-block-group-is-layout-flex\">\n<div class=\"wp-block-group is-layout-constrained wp-block-group-is-layout-constrained\">\n<div class=\"wp-block-media-text is-stacked-on-mobile is-vertically-aligned-top\" style=\"grid-template-columns:26% auto\"><figure class=\"wp-block-media-text__media\"><img decoding=\"async\" src=\"https:\/\/ocdsavila2026.com\/wp-content\/uploads\/2025\/11\/photo-Zinaha-1-960x1024.png\" alt=\"\" class=\"wp-image-3327 size-full\"\/><\/figure><div class=\"wp-block-media-text__content\">\n<p class=\"has-vivid-red-color has-text-color has-link-color has-medium-font-size wp-elements-36 wp-block-paragraph\" style=\"font-style:normal;font-weight:700\">Zinaha Voahanginiana OCDS<\/p>\n\n\n\n<p class=\"has-text-color has-link-color wp-elements-37 wp-block-paragraph\" style=\"color:#064f7a;font-style:normal;font-weight:700\">\u00c8 nata ad Antananarivo, capitale della Grande Isola del Madagascar, dove risiede tuttora. Ha compiuto studi superiori e ha ottenuto il Diploma in Scienze Economiche presso l'Universit\u00e0 di Antananarivo, e successivamente il Diploma della Scuola Nazionale di Amministrazione del Madagascar. Ha iniziato e progredito in una vita professionale e, essendo stata formata in andragogia, tra le sue attivit\u00e0 si annoverano: l'insegnamento presso la Scuola Nazionale di Amministrazione del Madagascar e l'Universit\u00e0 Cattolica del Madagascar a livello di Laurea e Master per 10 anni.<\/p>\n\n\n\n<p class=\"has-text-color has-link-color wp-elements-38 wp-block-paragraph\" style=\"color:#064f7a;font-style:normal;font-weight:700\">\u00c8 stata battezzata nella chiesa protestante (FJKM) del Madagascar all'et\u00e0 di 2 anni. Molto giovane, ha preteso di farsi cattolica. Ha frequentato gli studi secondari presso i Fratelli delle Scuole Cristiane a Sainte Famille Mahamasina, dove ha avuto l'opportunit\u00e0 di prepararsi e ricevere la Prima Comunione, celebrare la Comunione Solenne e poi il Sacramento della Confermazione. Durante la preparazione dell'Anno Giubilare del 1999, l'Anno del Padre, ha conosciuto la Madre attraverso la lettura del <em>Cammino di Perfezione<\/em> nella parte del Padre Nostro. \u00c8 stata chiamata all'OCDS all'et\u00e0 di 24 anni , nella prima Comunit\u00e0 OCDS del paese, la Comunit\u00e0 della Sacra Famiglia ad Ampasanimalo , e ha preso il nome di V. Zinaha della Santa Misericordia di Ges\u00f9.<\/p>\n\n\n\n<p class=\"has-text-color has-link-color wp-elements-39 wp-block-paragraph\" style=\"color:#064f7a;font-style:normal;font-weight:700\">Ha emesso la sua promessa definitiva nell'Ordine Secolare del Carmelo Teresiano il 19 luglio 2014 nel Santuario Mariano di Nostra Signora del Monte Carmelo ad Ambarilava, Moramanga, appartenente ai Carmelitani. \u00c8 stata Vice-Formatrice della sua Comunit\u00e0 a partire dal 2013 ed eletta Presidente di questa stessa Comunit\u00e0 OCDS (2015-2018). Insieme al Consiglio della Comunit\u00e0 di Ampasanimalo e all'Assistente spirituale, ha avviato missioni di fondazione e formazione di Gruppi OCDS nelle diverse localit\u00e0 dove si trovano i Frati e le Monache dell'Ordine dei Carmelitani Scalzi. \u00c8 stata eletta Presidente della Provincia OCDS Madagascar, recentemente creata (2018-2021) , nel primo Capitolo Provinciale dell'OCDS (dal 24 al 27 maggio 2018); ed \u00e8 stata rieletta per un secondo mandato (2021-2024). Durante questi mandati, le fondazioni di gruppi OCDS sono continuate con il Consiglio Provinciale e il Delegato Provinciale all'OCDS.<\/p>\n\n\n\n<p class=\"has-text-color has-link-color wp-elements-40 wp-block-paragraph\" style=\"color:#064f7a;font-style:normal;font-weight:700\">Attualmente risiede ad Antananarivo, Zinaha appartiene alla Comunit\u00e0 San Simone Stock\u2013Itaosy, Comunit\u00e0 eretta a gennaio 2024.<\/p>\n\n\n\n<p class=\"has-vivid-red-color has-text-color has-link-color wp-elements-41 wp-block-paragraph\" style=\"font-style:normal;font-weight:700\"><strong>Titolo:<\/strong> \"Preghiera, fraternit\u00e0 e animazione\" <\/p>\n\n\n\n<p class=\"has-vivid-red-color has-text-color has-link-color wp-elements-42 wp-block-paragraph\" style=\"font-style:normal;font-weight:700\">Presentiazone, <strong>Giorno:<\/strong> 25 luglio 2026, ore 11:30 <\/p>\n\n\n\n<p class=\"wp-block-paragraph\"><\/p>\n\n\n\n<p class=\"wp-block-paragraph\"><\/p>\n\n\n\n<h3 class=\"wp-block-heading alignwide has-text-align-left has-vivid-red-color has-text-color has-link-color has-medium-font-size wp-elements-43\" style=\"font-style:normal;font-weight:700\">Meg Ramos O.C.D.S.<\/h3>\n<\/div><\/div>\n<\/div>\n<\/div>\n\n\n\n<div class=\"wp-block-media-text has-media-on-the-right is-stacked-on-mobile is-vertically-aligned-top\" style=\"grid-template-columns:auto 19%\"><div class=\"wp-block-media-text__content\">\n<p class=\"has-text-color has-link-color wp-elements-44 wp-block-paragraph\" style=\"color:#064f7a;font-style:normal;font-weight:700\">\u00c8 nata il 4 febbraio 1958 nella citt\u00e0 di Pasay, Filippine, essendo la pi\u00f9 giovane di sette figli in una famiglia cattolica romana molto unita. Fin dalla tenera et\u00e0, \u00e8 stata profondamente influenzata dalla forza di carattere, dalla fede e dalle capacit\u00e0 delle donne della sua famiglia\u2014sua madre e le sue due sorelle\u2014il che ha in gran parte plasmato i suoi valori e la sua personalit\u00e0.<\/p>\n\n\n\n<p class=\"has-text-align-left has-text-color has-link-color wp-elements-45 wp-block-paragraph\" style=\"color:#064f7a;font-style:normal;font-weight:700\">Dopo aver completato gli studi in Amministrazione Aziendale e Scienze Informatiche, le \u00e8 stata affidata la responsabilit\u00e0 della gestione operativa dello studio di famiglia di progettazione architettonico-strutturale e supervisione della costruzione<sup><\/sup>.<\/p>\n\n\n\n<p class=\"has-text-align-left has-text-color has-link-color wp-elements-46 wp-block-paragraph\" style=\"color:#064f7a;font-style:normal;font-weight:700\">Nel 1982, dopo essere stata persuasa a partecipare a un corso intensivo di fine settimana, ha iniziato un nuovo capitolo di scopo e pienezza nella sua vita<sup><\/sup>. Si \u00e8 coinvolta in una comunit\u00e0 cattolica dove ha dedicato tempo alla preghiera, al servizio e al lavoro sociale<sup><\/sup>.<\/p>\n\n\n\n<p class=\"has-text-align-left has-text-color has-link-color wp-elements-47 wp-block-paragraph\" style=\"color:#064f7a;font-style:normal;font-weight:700\">Dopo l'instancabile ricerca del \"segugio del cielo\", si \u00e8 ritrovata a bussare alla porta del Carmelo nel 1995 e ha fatto la sua Promessa definitiva nel 2022, impegnandosi a una vita di preghiera, comunit\u00e0 e missione<sup><\/sup>. Da allora, ha servito in vari incarichi di <em>leadership<\/em> nella sua amata Comunit\u00e0 di Santa Edith Stein nella citt\u00e0 di Makati e nel Consiglio Provinciale dell'OCDS Filippine<sup><\/sup>.<\/p>\n\n\n\n<p class=\"has-vivid-red-color has-text-color has-link-color wp-elements-48 wp-block-paragraph\"><strong>Relazione: \"Fedelt\u00e0 creativa: la missione dell'OCDS nella Chiesa, nell'Ordine e nel mondo\" <\/strong><\/p>\n\n\n\n<p class=\"has-vivid-red-color has-text-color has-link-color wp-elements-49 wp-block-paragraph\"><strong>Giorno: 25 luglio 2026, 13:00 <\/strong><\/p>\n\n\n\n<p class=\"wp-block-paragraph\"><\/p>\n\n\n\n<p class=\"has-vivid-red-color has-text-color has-link-color has-medium-font-size wp-elements-50 wp-block-paragraph\"><strong>P. Fr. Ramiro Casale O.C.D., Delegato Generale per l' O.C.D.S.<\/strong><\/p>\n\n\n\n<div class=\"wp-block-media-text alignfull is-stacked-on-mobile is-vertically-aligned-top\" style=\"grid-template-columns:29% auto\"><figure class=\"wp-block-media-text__media\"><img loading=\"lazy\" decoding=\"async\" width=\"541\" height=\"525\" src=\"https:\/\/ocdsavila2026.com\/wp-content\/uploads\/2025\/11\/ramiro.jpg\" alt=\"\" class=\"wp-image-3461 size-full\" srcset=\"https:\/\/ocdsavila2026.com\/wp-content\/uploads\/2025\/11\/ramiro.jpg 541w, https:\/\/ocdsavila2026.com\/wp-content\/uploads\/2025\/11\/ramiro-480x466.jpg 480w\" sizes=\"(min-width: 0px) and (max-width: 480px) 480px, (min-width: 481px) 541px, 100vw\" \/><\/figure><div class=\"wp-block-media-text__content\">\n<p class=\"has-text-color has-link-color wp-elements-51 wp-block-paragraph\" style=\"color:#064f7a;font-style:normal;font-weight:700\">Padre Ramiro \u00e8 nato nella citt\u00e0 di Zacatecas, in Messico, il 28 giugno 1971. Ha studiato amministrazione aziendale nella sua citt\u00e0 natale e ha lavorato in aree di gestione e finanza.&nbsp; \u00c8 entrato nell\u2019Ordine dei Carmelitani il 15 luglio 2001 nella Provincia di California-Arizona, negli Stati Uniti, emettendo la prima professione il 2 febbraio 2003.<\/p>\n\n\n\n<p class=\"has-text-color has-link-color wp-elements-52 wp-block-paragraph\" style=\"color:#064f7a;font-style:normal;font-weight:700\">Ha studiato presso il Mount Angel Seminary, nello Stato dell\u2019Oregon, ottenendo la Licenza in Filosofia e Lettere e il Master in Teologia. Poi ha studiato Teologia presso la Facolt\u00e0 del Teresianum di Roma e successivamente ha ottenuto il Dottorato in Psicologia presso l\u2019Universit\u00e0 Pontificia Salesiana di Roma.<\/p>\n\n\n\n<p class=\"has-text-color has-link-color wp-elements-53 wp-block-paragraph\" style=\"color:#064f7a;font-style:normal;font-weight:700\">Padre Ramiro ha emesso la Professione Solenne a Roma, il 14 dicembre 2007, ed \u00e8 stato ordinato sacerdote ad Alhambra, in California, il 20 giugno 2009.\u00a0 \u00c8 stato direttore dello Carmelite Institute of Spirituality di Stanwood, Washington, ed \u00e8 stato anche Maestro dei Postulanti, dei Novizi e degli Studenti.\u00a0 Nell\u2019ottobre 2021 \u00e8 stato nominato Delegato Generale per l\u2019Ordine Secolare dei Carmelitani Scalzi (OCDS).<\/p>\n\n\n\n<div class=\"wp-block-columns is-layout-flex wp-container-core-columns-is-layout-8f761849 wp-block-columns-is-layout-flex\">\n<div class=\"wp-block-column is-layout-flow wp-block-column-is-layout-flow\"><\/div>\n\n\n\n<div class=\"wp-block-column is-layout-flow wp-block-column-is-layout-flow\"><\/div>\n<\/div>\n\n\n\n<p class=\"has-vivid-red-color has-text-color has-link-color wp-elements-54 wp-block-paragraph\" style=\"font-style:normal;font-weight:700\"><strong>Relazione: \"Camminare insieme verso il futuro\" <\/strong><\/p>\n\n\n\n<p class=\"has-vivid-red-color has-text-color has-link-color wp-elements-55 wp-block-paragraph\" style=\"font-style:normal;font-weight:700\"><strong>Giorno: 25 luglio 2026, 16:00<\/strong><\/p>\n<\/div><\/div>\n\n\n\n<p class=\"wp-block-paragraph\"><\/p>\n\n\n\n<p class=\"wp-block-paragraph\"><\/p>\n\n\n\n<p class=\"wp-block-paragraph\"><\/p>\n\n\n\n<p class=\"wp-block-paragraph\"><\/p>\n\n\n\n<p class=\"wp-block-paragraph\"><\/p>\n\n\n\n<p class=\"wp-block-paragraph\"><\/p>\n\n\n\n<p class=\"wp-block-paragraph\"><\/p>\n\n\n\n<p class=\"wp-block-paragraph\"><\/p>\n\n\n\n<p class=\"wp-block-paragraph\"><\/p>\n\n\n\n<p class=\"wp-block-paragraph\"><\/p>\n\n\n\n<p class=\"wp-block-paragraph\"><\/p>\n\n\n\n<p class=\"wp-block-paragraph\"><\/p>\n<\/div><figure class=\"wp-block-media-text__media\"><img decoding=\"async\" src=\"https:\/\/ocdsavila2026.com\/wp-content\/uploads\/2025\/11\/IMG_8365-808x1024.jpeg\" alt=\"\" class=\"wp-image-3328 size-full\"\/><\/figure><\/div>\n\n\n","protected":false},"excerpt":{"rendered":"<p>\"Credo che una persona di preghiera che ha a che fare con i dotti, se non vuole essere ingannata, il diavolo non la inganner\u00e0 con le illusioni, perch\u00e9 credo che temano molto le lettere umili e virtuose\"<br \/>\n(Santa Teresa di Ges\u00f9, Vita 13,18).<\/p>\n","protected":false},"author":918,"featured_media":2053,"comment_status":"closed","ping_status":"closed","sticky":false,"template":"","format":"standard","meta":{"footnotes":""},"categories":[155],"tags":[],"class_list":["post-2026","post","type-post","status-publish","format-standard","has-post-thumbnail","hentry","category-notizie"],"yoast_head":"<!-- This site is optimized with the Yoast SEO plugin v28.3 - https:\/\/yoast.com\/product\/yoast-seo-wordpress\/ -->\n<title>I relatori della riunione - OCDS 2026<\/title>\n<meta name=\"robots\" content=\"index, follow, max-snippet:-1, max-image-preview:large, max-video-preview:-1\" \/>\n<link rel=\"canonical\" href=\"https:\/\/ocdsavila2026.com\/it\/relatori-alla-riunione\/\" \/>\n<meta property=\"og:locale\" content=\"it_IT\" \/>\n<meta property=\"og:type\" content=\"article\" \/>\n<meta property=\"og:title\" content=\"I relatori della riunione - OCDS 2026\" \/>\n<meta property=\"og:description\" content=\"&quot;Credo che una persona di preghiera che ha a che fare con i dotti, se non vuole essere ingannata, il diavolo non la inganner\u00e0 con le illusioni, perch\u00e9 credo che temano molto le lettere umili e virtuose&quot; (Santa Teresa di Ges\u00f9, Vita 13,18).\" \/>\n<meta property=\"og:url\" content=\"https:\/\/ocdsavila2026.com\/it\/relatori-alla-riunione\/\" \/>\n<meta property=\"og:site_name\" content=\"OCDS 2026\" \/>\n<meta property=\"article:published_time\" content=\"2025-11-24T15:22:40+00:00\" \/>\n<meta property=\"article:modified_time\" content=\"2025-12-16T23:24:38+00:00\" \/>\n<meta property=\"og:image\" content=\"https:\/\/ocdsavila2026.com\/wp-content\/uploads\/2025\/11\/Gemini_Generated_Image_u8r85yu8r85yu8r8.png\" \/>\n\t<meta property=\"og:image:width\" content=\"1024\" \/>\n\t<meta property=\"og:image:height\" content=\"1024\" \/>\n\t<meta property=\"og:image:type\" content=\"image\/png\" \/>\n<meta name=\"author\" content=\"Manoli G\u00f3mez\" \/>\n<meta name=\"twitter:card\" content=\"summary_large_image\" \/>\n<meta name=\"twitter:label1\" content=\"Scritto da\" \/>\n\t<meta name=\"twitter:data1\" content=\"Manoli G\u00f3mez\" \/>\n\t<meta name=\"twitter:label2\" content=\"Tempo di lettura stimato\" \/>\n\t<meta name=\"twitter:data2\" content=\"9 minuti\" \/>\n<script type=\"application\/ld+json\" class=\"yoast-schema-graph\">{\"@context\":\"https:\\\/\\\/schema.org\",\"@graph\":[{\"@type\":\"Article\",\"@id\":\"https:\\\/\\\/ocdsavila2026.com\\\/it\\\/relatori-alla-riunione\\\/#article\",\"isPartOf\":{\"@id\":\"https:\\\/\\\/ocdsavila2026.com\\\/it\\\/relatori-alla-riunione\\\/\"},\"author\":{\"name\":\"Manoli G\u00f3mez\",\"@id\":\"https:\\\/\\\/ocdsavila2026.com\\\/it\\\/#\\\/schema\\\/person\\\/2770865ae6fdb3363c58c1da8bba1ccd\"},\"headline\":\"I relatori della riunione\",\"datePublished\":\"2025-11-24T15:22:40+00:00\",\"dateModified\":\"2025-12-16T23:24:38+00:00\",\"mainEntityOfPage\":{\"@id\":\"https:\\\/\\\/ocdsavila2026.com\\\/it\\\/relatori-alla-riunione\\\/\"},\"wordCount\":1774,\"publisher\":{\"@id\":\"https:\\\/\\\/ocdsavila2026.com\\\/it\\\/#organization\"},\"image\":{\"@id\":\"https:\\\/\\\/ocdsavila2026.com\\\/it\\\/relatori-alla-riunione\\\/#primaryimage\"},\"thumbnailUrl\":\"https:\\\/\\\/ocdsavila2026.com\\\/wp-content\\\/uploads\\\/2025\\\/11\\\/Gemini_Generated_Image_u8r85yu8r85yu8r8.png\",\"articleSection\":[\"NOTIZIE\"],\"inLanguage\":\"it-IT\"},{\"@type\":\"WebPage\",\"@id\":\"https:\\\/\\\/ocdsavila2026.com\\\/it\\\/relatori-alla-riunione\\\/\",\"url\":\"https:\\\/\\\/ocdsavila2026.com\\\/it\\\/relatori-alla-riunione\\\/\",\"name\":\"I relatori della riunione - OCDS 2026\",\"isPartOf\":{\"@id\":\"https:\\\/\\\/ocdsavila2026.com\\\/it\\\/#website\"},\"primaryImageOfPage\":{\"@id\":\"https:\\\/\\\/ocdsavila2026.com\\\/it\\\/relatori-alla-riunione\\\/#primaryimage\"},\"image\":{\"@id\":\"https:\\\/\\\/ocdsavila2026.com\\\/it\\\/relatori-alla-riunione\\\/#primaryimage\"},\"thumbnailUrl\":\"https:\\\/\\\/ocdsavila2026.com\\\/wp-content\\\/uploads\\\/2025\\\/11\\\/Gemini_Generated_Image_u8r85yu8r85yu8r8.png\",\"datePublished\":\"2025-11-24T15:22:40+00:00\",\"dateModified\":\"2025-12-16T23:24:38+00:00\",\"breadcrumb\":{\"@id\":\"https:\\\/\\\/ocdsavila2026.com\\\/it\\\/relatori-alla-riunione\\\/#breadcrumb\"},\"inLanguage\":\"it-IT\",\"potentialAction\":[{\"@type\":\"ReadAction\",\"target\":[\"https:\\\/\\\/ocdsavila2026.com\\\/it\\\/relatori-alla-riunione\\\/\"]}]},{\"@type\":\"ImageObject\",\"inLanguage\":\"it-IT\",\"@id\":\"https:\\\/\\\/ocdsavila2026.com\\\/it\\\/relatori-alla-riunione\\\/#primaryimage\",\"url\":\"https:\\\/\\\/ocdsavila2026.com\\\/wp-content\\\/uploads\\\/2025\\\/11\\\/Gemini_Generated_Image_u8r85yu8r85yu8r8.png\",\"contentUrl\":\"https:\\\/\\\/ocdsavila2026.com\\\/wp-content\\\/uploads\\\/2025\\\/11\\\/Gemini_Generated_Image_u8r85yu8r85yu8r8.png\",\"width\":1024,\"height\":1024},{\"@type\":\"BreadcrumbList\",\"@id\":\"https:\\\/\\\/ocdsavila2026.com\\\/it\\\/relatori-alla-riunione\\\/#breadcrumb\",\"itemListElement\":[{\"@type\":\"ListItem\",\"position\":1,\"name\":\"Portada\",\"item\":\"https:\\\/\\\/ocdsavila2026.com\\\/it\\\/\"},{\"@type\":\"ListItem\",\"position\":2,\"name\":\"I relatori della riunione\"}]},{\"@type\":\"WebSite\",\"@id\":\"https:\\\/\\\/ocdsavila2026.com\\\/it\\\/#website\",\"url\":\"https:\\\/\\\/ocdsavila2026.com\\\/it\\\/\",\"name\":\"OCDS 2026\",\"description\":\"Encuentro Mundial OCDS 2026\",\"publisher\":{\"@id\":\"https:\\\/\\\/ocdsavila2026.com\\\/it\\\/#organization\"},\"potentialAction\":[{\"@type\":\"SearchAction\",\"target\":{\"@type\":\"EntryPoint\",\"urlTemplate\":\"https:\\\/\\\/ocdsavila2026.com\\\/it\\\/?s={search_term_string}\"},\"query-input\":{\"@type\":\"PropertyValueSpecification\",\"valueRequired\":true,\"valueName\":\"search_term_string\"}}],\"inLanguage\":\"it-IT\"},{\"@type\":\"Organization\",\"@id\":\"https:\\\/\\\/ocdsavila2026.com\\\/it\\\/#organization\",\"name\":\"Carmelitas descalzos\",\"url\":\"https:\\\/\\\/ocdsavila2026.com\\\/it\\\/\",\"logo\":{\"@type\":\"ImageObject\",\"inLanguage\":\"it-IT\",\"@id\":\"https:\\\/\\\/ocdsavila2026.com\\\/it\\\/#\\\/schema\\\/logo\\\/image\\\/\",\"url\":\"https:\\\/\\\/ocdsavila2026.com\\\/wp-content\\\/uploads\\\/2026\\\/01\\\/logoiberica-scaled-1.png\",\"contentUrl\":\"https:\\\/\\\/ocdsavila2026.com\\\/wp-content\\\/uploads\\\/2026\\\/01\\\/logoiberica-scaled-1.png\",\"width\":2560,\"height\":2560,\"caption\":\"Carmelitas descalzos\"},\"image\":{\"@id\":\"https:\\\/\\\/ocdsavila2026.com\\\/it\\\/#\\\/schema\\\/logo\\\/image\\\/\"}},{\"@type\":\"Person\",\"@id\":\"https:\\\/\\\/ocdsavila2026.com\\\/it\\\/#\\\/schema\\\/person\\\/2770865ae6fdb3363c58c1da8bba1ccd\",\"name\":\"Manoli G\u00f3mez\",\"image\":{\"@type\":\"ImageObject\",\"inLanguage\":\"it-IT\",\"@id\":\"https:\\\/\\\/secure.gravatar.com\\\/avatar\\\/a9bd6d1c481efcf6e004dc512185956e5a21c1eb4831cf5f7fde8ea072e60664?s=96&d=mm&r=g\",\"url\":\"https:\\\/\\\/secure.gravatar.com\\\/avatar\\\/a9bd6d1c481efcf6e004dc512185956e5a21c1eb4831cf5f7fde8ea072e60664?s=96&d=mm&r=g\",\"contentUrl\":\"https:\\\/\\\/secure.gravatar.com\\\/avatar\\\/a9bd6d1c481efcf6e004dc512185956e5a21c1eb4831cf5f7fde8ea072e60664?s=96&d=mm&r=g\",\"caption\":\"Manoli G\u00f3mez\"},\"url\":\"https:\\\/\\\/ocdsavila2026.com\\\/it\\\/author\\\/manoli\\\/\"}]}<\/script>\n<!-- \/ Yoast SEO plugin. -->","yoast_head_json":{"title":"I relatori della riunione - OCDS 2026","robots":{"index":"index","follow":"follow","max-snippet":"max-snippet:-1","max-image-preview":"max-image-preview:large","max-video-preview":"max-video-preview:-1"},"canonical":"https:\/\/ocdsavila2026.com\/it\/relatori-alla-riunione\/","og_locale":"it_IT","og_type":"article","og_title":"I relatori della riunione - OCDS 2026","og_description":"\"Credo che una persona di preghiera che ha a che fare con i dotti, se non vuole essere ingannata, il diavolo non la inganner\u00e0 con le illusioni, perch\u00e9 credo che temano molto le lettere umili e virtuose\" (Santa Teresa di Ges\u00f9, Vita 13,18).","og_url":"https:\/\/ocdsavila2026.com\/it\/relatori-alla-riunione\/","og_site_name":"OCDS 2026","article_published_time":"2025-11-24T15:22:40+00:00","article_modified_time":"2025-12-16T23:24:38+00:00","og_image":[{"width":1024,"height":1024,"url":"https:\/\/ocdsavila2026.com\/wp-content\/uploads\/2025\/11\/Gemini_Generated_Image_u8r85yu8r85yu8r8.png","type":"image\/png"}],"author":"Manoli G\u00f3mez","twitter_card":"summary_large_image","twitter_misc":{"Scritto da":"Manoli G\u00f3mez","Tempo di lettura stimato":"9 minuti"},"schema":{"@context":"https:\/\/schema.org","@graph":[{"@type":"Article","@id":"https:\/\/ocdsavila2026.com\/it\/relatori-alla-riunione\/#article","isPartOf":{"@id":"https:\/\/ocdsavila2026.com\/it\/relatori-alla-riunione\/"},"author":{"name":"Manoli G\u00f3mez","@id":"https:\/\/ocdsavila2026.com\/it\/#\/schema\/person\/2770865ae6fdb3363c58c1da8bba1ccd"},"headline":"I relatori della riunione","datePublished":"2025-11-24T15:22:40+00:00","dateModified":"2025-12-16T23:24:38+00:00","mainEntityOfPage":{"@id":"https:\/\/ocdsavila2026.com\/it\/relatori-alla-riunione\/"},"wordCount":1774,"publisher":{"@id":"https:\/\/ocdsavila2026.com\/it\/#organization"},"image":{"@id":"https:\/\/ocdsavila2026.com\/it\/relatori-alla-riunione\/#primaryimage"},"thumbnailUrl":"https:\/\/ocdsavila2026.com\/wp-content\/uploads\/2025\/11\/Gemini_Generated_Image_u8r85yu8r85yu8r8.png","articleSection":["NOTIZIE"],"inLanguage":"it-IT"},{"@type":"WebPage","@id":"https:\/\/ocdsavila2026.com\/it\/relatori-alla-riunione\/","url":"https:\/\/ocdsavila2026.com\/it\/relatori-alla-riunione\/","name":"I relatori della riunione - OCDS 2026","isPartOf":{"@id":"https:\/\/ocdsavila2026.com\/it\/#website"},"primaryImageOfPage":{"@id":"https:\/\/ocdsavila2026.com\/it\/relatori-alla-riunione\/#primaryimage"},"image":{"@id":"https:\/\/ocdsavila2026.com\/it\/relatori-alla-riunione\/#primaryimage"},"thumbnailUrl":"https:\/\/ocdsavila2026.com\/wp-content\/uploads\/2025\/11\/Gemini_Generated_Image_u8r85yu8r85yu8r8.png","datePublished":"2025-11-24T15:22:40+00:00","dateModified":"2025-12-16T23:24:38+00:00","breadcrumb":{"@id":"https:\/\/ocdsavila2026.com\/it\/relatori-alla-riunione\/#breadcrumb"},"inLanguage":"it-IT","potentialAction":[{"@type":"ReadAction","target":["https:\/\/ocdsavila2026.com\/it\/relatori-alla-riunione\/"]}]},{"@type":"ImageObject","inLanguage":"it-IT","@id":"https:\/\/ocdsavila2026.com\/it\/relatori-alla-riunione\/#primaryimage","url":"https:\/\/ocdsavila2026.com\/wp-content\/uploads\/2025\/11\/Gemini_Generated_Image_u8r85yu8r85yu8r8.png","contentUrl":"https:\/\/ocdsavila2026.com\/wp-content\/uploads\/2025\/11\/Gemini_Generated_Image_u8r85yu8r85yu8r8.png","width":1024,"height":1024},{"@type":"BreadcrumbList","@id":"https:\/\/ocdsavila2026.com\/it\/relatori-alla-riunione\/#breadcrumb","itemListElement":[{"@type":"ListItem","position":1,"name":"Portada","item":"https:\/\/ocdsavila2026.com\/it\/"},{"@type":"ListItem","position":2,"name":"I relatori della riunione"}]},{"@type":"WebSite","@id":"https:\/\/ocdsavila2026.com\/it\/#website","url":"https:\/\/ocdsavila2026.com\/it\/","name":"OCDS 2026","description":"Encuentro Mundial OCDS 2026","publisher":{"@id":"https:\/\/ocdsavila2026.com\/it\/#organization"},"potentialAction":[{"@type":"SearchAction","target":{"@type":"EntryPoint","urlTemplate":"https:\/\/ocdsavila2026.com\/it\/?s={search_term_string}"},"query-input":{"@type":"PropertyValueSpecification","valueRequired":true,"valueName":"search_term_string"}}],"inLanguage":"it-IT"},{"@type":"Organization","@id":"https:\/\/ocdsavila2026.com\/it\/#organization","name":"Carmelitas descalzos","url":"https:\/\/ocdsavila2026.com\/it\/","logo":{"@type":"ImageObject","inLanguage":"it-IT","@id":"https:\/\/ocdsavila2026.com\/it\/#\/schema\/logo\/image\/","url":"https:\/\/ocdsavila2026.com\/wp-content\/uploads\/2026\/01\/logoiberica-scaled-1.png","contentUrl":"https:\/\/ocdsavila2026.com\/wp-content\/uploads\/2026\/01\/logoiberica-scaled-1.png","width":2560,"height":2560,"caption":"Carmelitas descalzos"},"image":{"@id":"https:\/\/ocdsavila2026.com\/it\/#\/schema\/logo\/image\/"}},{"@type":"Person","@id":"https:\/\/ocdsavila2026.com\/it\/#\/schema\/person\/2770865ae6fdb3363c58c1da8bba1ccd","name":"Manoli G\u00f3mez","image":{"@type":"ImageObject","inLanguage":"it-IT","@id":"https:\/\/secure.gravatar.com\/avatar\/a9bd6d1c481efcf6e004dc512185956e5a21c1eb4831cf5f7fde8ea072e60664?s=96&d=mm&r=g","url":"https:\/\/secure.gravatar.com\/avatar\/a9bd6d1c481efcf6e004dc512185956e5a21c1eb4831cf5f7fde8ea072e60664?s=96&d=mm&r=g","contentUrl":"https:\/\/secure.gravatar.com\/avatar\/a9bd6d1c481efcf6e004dc512185956e5a21c1eb4831cf5f7fde8ea072e60664?s=96&d=mm&r=g","caption":"Manoli G\u00f3mez"},"url":"https:\/\/ocdsavila2026.com\/it\/author\/manoli\/"}]}},"_links":{"self":[{"href":"https:\/\/ocdsavila2026.com\/it\/wp-json\/wp\/v2\/posts\/2026","targetHints":{"allow":["GET"]}}],"collection":[{"href":"https:\/\/ocdsavila2026.com\/it\/wp-json\/wp\/v2\/posts"}],"about":[{"href":"https:\/\/ocdsavila2026.com\/it\/wp-json\/wp\/v2\/types\/post"}],"author":[{"embeddable":true,"href":"https:\/\/ocdsavila2026.com\/it\/wp-json\/wp\/v2\/users\/918"}],"replies":[{"embeddable":true,"href":"https:\/\/ocdsavila2026.com\/it\/wp-json\/wp\/v2\/comments?post=2026"}],"version-history":[{"count":37,"href":"https:\/\/ocdsavila2026.com\/it\/wp-json\/wp\/v2\/posts\/2026\/revisions"}],"predecessor-version":[{"id":3469,"href":"https:\/\/ocdsavila2026.com\/it\/wp-json\/wp\/v2\/posts\/2026\/revisions\/3469"}],"wp:featuredmedia":[{"embeddable":true,"href":"https:\/\/ocdsavila2026.com\/it\/wp-json\/wp\/v2\/media\/2053"}],"wp:attachment":[{"href":"https:\/\/ocdsavila2026.com\/it\/wp-json\/wp\/v2\/media?parent=2026"}],"wp:term":[{"taxonomy":"category","embeddable":true,"href":"https:\/\/ocdsavila2026.com\/it\/wp-json\/wp\/v2\/categories?post=2026"},{"taxonomy":"post_tag","embeddable":true,"href":"https:\/\/ocdsavila2026.com\/it\/wp-json\/wp\/v2\/tags?post=2026"}],"curies":[{"name":"wp","href":"https:\/\/api.w.org\/{rel}","templated":true}]}}