{"id":2073,"date":"2025-11-24T19:46:26","date_gmt":"2025-11-24T18:46:26","guid":{"rendered":"https:\/\/ocdsavila2026.com\/conduttori-di-preghiera\/"},"modified":"2026-01-17T20:54:46","modified_gmt":"2026-01-17T19:54:46","slug":"conduttori-di-preghiera","status":"publish","type":"post","link":"https:\/\/ocdsavila2026.com\/it\/conduttori-di-preghiera\/","title":{"rendered":"Animatori di Momenti di Preghiera"},"content":{"rendered":"\n<p class=\"has-vivid-red-color has-text-color has-link-color has-medium-font-size wp-elements-1 wp-block-paragraph\" style=\"font-style:normal;font-weight:600\"><strong>Luis Jorge Gonz\u00e1lez OCD<\/strong><\/p>\n\n\n\n<div class=\"wp-block-media-text is-stacked-on-mobile\" style=\"grid-template-columns:24% auto\"><figure class=\"wp-block-media-text__media\"><img loading=\"lazy\" decoding=\"async\" width=\"531\" height=\"621\" src=\"https:\/\/ocdsavila2026.com\/wp-content\/uploads\/2025\/11\/LUIS-JORGE-Foto-19-02-20-980x653-2.jpg\" alt=\"\" class=\"wp-image-3353 size-full\" srcset=\"https:\/\/ocdsavila2026.com\/wp-content\/uploads\/2025\/11\/LUIS-JORGE-Foto-19-02-20-980x653-2.jpg 531w, https:\/\/ocdsavila2026.com\/wp-content\/uploads\/2025\/11\/LUIS-JORGE-Foto-19-02-20-980x653-2-480x561.jpg 480w\" sizes=\"(min-width: 0px) and (max-width: 480px) 480px, (min-width: 481px) 531px, 100vw\" \/><\/figure><div class=\"wp-block-media-text__content\">\n<p class=\"has-text-color has-link-color wp-elements-2 wp-block-paragraph\" style=\"color:#064f7a;font-style:normal;font-weight:700\">Luis Jorge Gonz\u00e1lez, frate carmelitano, nato a Guadalajara, Messico, ha conseguito tre dottorati: Teologia Spirituale (Teresianum, Roma), Counselling. Sviluppo umano (Universidad Iberoamericana, Messico), Psicologia (Universidad Iberoamericana, Messico). Ha dedicato la sua vita all'insegnamento di queste discipline, in contesti universitari e popolari, in vari paesi. Ha pubblicato pi\u00f9 di 80 libri su queste tre discipline. Accompagna individui e gruppi a livello terapeutico e spirituale. Professore per 26 anni al Teresianum (Roma) e, dal 2010, all'Universit\u00e0 della Mistica (Avila, Spagna).<\/p>\n\n\n\n<p class=\"has-text-color has-link-color wp-elements-3 wp-block-paragraph\" style=\"color:#064f7a;font-style:normal;font-weight:700\">In quest'ultimo, dal 2023, anima il programma \"Formatori allenatori per l'esperienza mistica\" (Master in prospettiva). Include i contenuti di altri programmi per formatori, ma con un'impronta carmelitana e incentrata sulle persone e sui gruppi collaborativi. <\/p>\n\n\n\n<p class=\"has-text-color has-link-color wp-elements-4 wp-block-paragraph\" style=\"color:#064f7a;font-style:normal;font-weight:700\">\u00c8 un formatore certificato in Coaching Cognitivo, oltre che in Mind Field Therapy e Programmazione Neuro-Linguistica.<\/p>\n\n\n\n<p class=\"wp-block-paragraph\"><\/p>\n<\/div><\/div>\n\n\n\n<p class=\"has-vivid-red-color has-text-color has-link-color has-medium-font-size wp-elements-5 wp-block-paragraph\" style=\"font-style:normal;font-weight:700\">Mar\u00eda Alexandra Triana M\u00e9ndez O.C.D.<\/p>\n\n\n\n<div class=\"wp-block-media-text has-media-on-the-right is-stacked-on-mobile\" style=\"grid-template-columns:auto 22%\"><div class=\"wp-block-media-text__content\">\n<p class=\"has-text-color has-link-color wp-elements-6 wp-block-paragraph\" style=\"color:#064f7a;font-style:normal;font-weight:700\">Mar\u00eda Alexandra Triana M\u00e9ndez. Sono nata a Bogot\u00e0 (Colombia) il 15 giugno 1975 in una famiglia cristiana, anche se non molto vicina alla Chiesa. Sono stata educata dalle Suore della Compagnia di Santa Teresa per 13 anni. L\u00ec ho conosciuto Teresa in modo molto inconsapevole. Ho fatto parte del Cammino Neocatecumenale dall'et\u00e0 di 13 anni insieme ai miei genitori e ai miei fratelli. Fu l\u00ec che scoprii che il Signore mi chiamava a s\u00e9 in un pellegrinaggio al Santuario della Vergine del Rosario di Chiquinquir\u00e1, patrona della Colombia. <\/p>\n\n\n\n<p class=\"has-text-color has-link-color wp-elements-7 wp-block-paragraph\" style=\"color:#064f7a;font-style:normal;font-weight:700\">L\u00ec ho iniziato un doloroso processo di ricerca della Via del Signore per me. Dopo tre anni di incertezza, alla fine sono finita nel Carmelo di Sanl\u00facar la Mayor dove Ges\u00f9 mi ha trovata attraverso una comunit\u00e0 di sorelle normalissime, innamoratissime di Lui e molto sagge, che hanno saputo avvicinare il Carisma alla mia goffaggine. Da allora, nel settembre 1996, sono rimasta aperta alla Presenza in mezzo a 13 sorelle, che sono quelle che siamo ora e dove, attualmente, mi \u00e8 stato chiesto di servire come priora. Non ho studi accademici o pubblicazioni. Solo il desiderio di essere tale e la verit\u00e0 di me stessa.<\/p>\n\n\n\n<p class=\"wp-block-paragraph\"><\/p>\n<\/div><figure class=\"wp-block-media-text__media\"><img loading=\"lazy\" decoding=\"async\" width=\"612\" height=\"826\" src=\"https:\/\/ocdsavila2026.com\/wp-content\/uploads\/2025\/11\/Hermana-Alexandra.jpg\" alt=\"\" class=\"wp-image-2744 size-full\" srcset=\"https:\/\/ocdsavila2026.com\/wp-content\/uploads\/2025\/11\/Hermana-Alexandra.jpg 612w, https:\/\/ocdsavila2026.com\/wp-content\/uploads\/2025\/11\/Hermana-Alexandra-480x648.jpg 480w\" sizes=\"(min-width: 0px) and (max-width: 480px) 480px, (min-width: 481px) 612px, 100vw\" \/><\/figure><\/div>\n\n\n\n<p class=\"has-vivid-red-color has-text-color has-link-color has-medium-font-size wp-elements-8 wp-block-paragraph\" style=\"font-style:normal;font-weight:700\">Marisa Camaro Salay Emilio Luis L\u00f3pez Torres O.C.D.S.<\/p>\n\n\n\n<p class=\"wp-block-paragraph\"><\/p>\n\n\n\n<div class=\"wp-block-media-text is-stacked-on-mobile\" style=\"grid-template-columns:31% auto\"><figure class=\"wp-block-media-text__media\"><img decoding=\"async\" src=\"https:\/\/ocdsavila2026.com\/wp-content\/uploads\/2025\/11\/WhatsApp-Image-2026-01-17-at-14.42.02-787x1024.jpeg\" alt=\"\" class=\"wp-image-3797 size-full\"\/><\/figure><div class=\"wp-block-media-text__content\">\n<p class=\"has-text-color has-link-color wp-elements-9 wp-block-paragraph\" style=\"color:#064f7a;font-style:normal;font-weight:700\">Siamo sposati da ventun anni e tra di noi abbiamo cinque figli e cinque nipoti. Siamo originari di Valencia, dove risiediamo. Emilio \u00e8 medico di famiglia e Marisa \u00e8 laureata in scienze chimiche, attualmente siamo in pensione, il che ci permette di dedicare pi\u00f9 tempo alla famiglia, soprattutto ai nipoti. Anche se il nostro contatto con la spiritualit\u00e0 carmelitana \u00e8 avvenuto molto prima, il nostro ingresso nel Carmelo secolare \u00e8 stato nel 2011, nella comunit\u00e0 di Caravaca, dove siamo rimasti fino a ottobre 2023, svolgendo il ruolo di consiglieri e maestri di formazione. <\/p>\n\n\n\n<p class=\"has-text-color has-link-color wp-elements-10 wp-block-paragraph\" style=\"color:#064f7a;font-style:normal;font-weight:700\">Abbiamo collaborato alla riattivazione della comunit\u00e0 secolare di San Juan de la Cruz a Valencia, di cui facciamo parte come membri da novembre 2023 fino ad oggi. Emilio ha un diploma in Teologia Spirituale presso l'Istituto di Spiritualit\u00e0 a Distanza dal 2013 e abbiamo partecipato alle tutor\u00ece in presenza dei corsi di Spiritualit\u00e0 organizzati dall'Istituto di Spiritualit\u00e0 a distanza. centro associato alla Pontificia Facolt\u00e0 del Teresianum, collaborando alla divulgazione e al mantenimento di questo corso come mezzo di diffusione della spiritualit\u00e0 carmelitana, a Valencia. Abbiamo partecipato a diversi corsi e congressi su San Giovanni della Croce e Santa Teresa al Cites di \u00c1vila. <\/p>\n\n\n\n<p class=\"has-text-color has-link-color wp-elements-11 wp-block-paragraph\" style=\"color:#064f7a;font-style:normal;font-weight:700\">Abbiamo anche collaborato con l\u2019Associazione degli Amici del Monastero per far conoscere e mantenere il Convento dei Padri Carmelitani del Deserto delle Palme, a Castell\u00f3n. Abbiamo visitato numerose volte il Monastero delle Batuecas dove Emilio, per diversi anni e su richiesta del P. priore Francisco Bradle al carmelitano secolare, \u00e8 rimasto per periodi non inferiori a un mese per collaborare con la comunit\u00e0 locale nel mantenimento del Deserto. Attualmente Marisa \u00e8 consigliera della Zona di Levante del Consiglio Provinciale.<\/p>\n<\/div><\/div>\n\n\n\n<p class=\"has-vivid-cyan-blue-color has-text-color has-link-color wp-elements-12 wp-block-paragraph\" style=\"font-style:normal;font-weight:700\"><\/p>\n\n\n\n<p class=\"wp-block-paragraph\"><\/p>\n","protected":false},"excerpt":{"rendered":"<p>\"L&#8217;orazione mentale, secondo me, non \u00e8 altro che cercare di essere amici, spesso stando soli con colui che sappiamo che ci ama\"<br \/>\nSanta Teresa di Ges\u00f9 (Vita, cap. 8, 5)<\/p>\n","protected":false},"author":918,"featured_media":2197,"comment_status":"closed","ping_status":"closed","sticky":false,"template":"","format":"standard","meta":{"footnotes":""},"categories":[155],"tags":[],"class_list":["post-2073","post","type-post","status-publish","format-standard","has-post-thumbnail","hentry","category-notizie"],"yoast_head":"<!-- This site is optimized with the Yoast SEO plugin v28.3 - https:\/\/yoast.com\/product\/yoast-seo-wordpress\/ -->\n<title>Animatori di Momenti di Preghiera - OCDS 2026<\/title>\n<meta name=\"robots\" content=\"index, follow, max-snippet:-1, max-image-preview:large, max-video-preview:-1\" \/>\n<link rel=\"canonical\" href=\"https:\/\/ocdsavila2026.com\/it\/conduttori-di-preghiera\/\" \/>\n<meta property=\"og:locale\" content=\"it_IT\" \/>\n<meta property=\"og:type\" content=\"article\" \/>\n<meta property=\"og:title\" content=\"Animatori di Momenti di Preghiera - OCDS 2026\" \/>\n<meta property=\"og:description\" content=\"&quot;L&#039;orazione mentale, secondo me, non \u00e8 altro che cercare di essere amici, spesso stando soli con colui che sappiamo che ci ama&quot; Santa Teresa di Ges\u00f9 (Vita, cap. 8, 5)\" \/>\n<meta property=\"og:url\" content=\"https:\/\/ocdsavila2026.com\/it\/conduttori-di-preghiera\/\" \/>\n<meta property=\"og:site_name\" content=\"OCDS 2026\" \/>\n<meta property=\"article:published_time\" content=\"2025-11-24T18:46:26+00:00\" \/>\n<meta property=\"article:modified_time\" content=\"2026-01-17T19:54:46+00:00\" \/>\n<meta property=\"og:image\" content=\"https:\/\/ocdsavila2026.com\/wp-content\/uploads\/2025\/11\/got.jpg\" \/>\n\t<meta property=\"og:image:width\" content=\"1164\" \/>\n\t<meta property=\"og:image:height\" content=\"1024\" \/>\n\t<meta property=\"og:image:type\" content=\"image\/jpeg\" \/>\n<meta name=\"author\" content=\"Manoli G\u00f3mez\" \/>\n<meta name=\"twitter:card\" content=\"summary_large_image\" \/>\n<meta name=\"twitter:label1\" content=\"Scritto da\" \/>\n\t<meta name=\"twitter:data1\" content=\"Manoli G\u00f3mez\" \/>\n\t<meta name=\"twitter:label2\" content=\"Tempo di lettura stimato\" \/>\n\t<meta name=\"twitter:data2\" content=\"3 minuti\" \/>\n<script type=\"application\/ld+json\" class=\"yoast-schema-graph\">{\"@context\":\"https:\\\/\\\/schema.org\",\"@graph\":[{\"@type\":\"Article\",\"@id\":\"https:\\\/\\\/ocdsavila2026.com\\\/it\\\/conduttori-di-preghiera\\\/#article\",\"isPartOf\":{\"@id\":\"https:\\\/\\\/ocdsavila2026.com\\\/it\\\/conduttori-di-preghiera\\\/\"},\"author\":{\"name\":\"Manoli G\u00f3mez\",\"@id\":\"https:\\\/\\\/ocdsavila2026.com\\\/it\\\/#\\\/schema\\\/person\\\/2770865ae6fdb3363c58c1da8bba1ccd\"},\"headline\":\"Animatori di Momenti di Preghiera\",\"datePublished\":\"2025-11-24T18:46:26+00:00\",\"dateModified\":\"2026-01-17T19:54:46+00:00\",\"mainEntityOfPage\":{\"@id\":\"https:\\\/\\\/ocdsavila2026.com\\\/it\\\/conduttori-di-preghiera\\\/\"},\"wordCount\":621,\"publisher\":{\"@id\":\"https:\\\/\\\/ocdsavila2026.com\\\/it\\\/#organization\"},\"image\":{\"@id\":\"https:\\\/\\\/ocdsavila2026.com\\\/it\\\/conduttori-di-preghiera\\\/#primaryimage\"},\"thumbnailUrl\":\"https:\\\/\\\/ocdsavila2026.com\\\/wp-content\\\/uploads\\\/2025\\\/11\\\/got.jpg\",\"articleSection\":[\"NOTIZIE\"],\"inLanguage\":\"it-IT\"},{\"@type\":\"WebPage\",\"@id\":\"https:\\\/\\\/ocdsavila2026.com\\\/it\\\/conduttori-di-preghiera\\\/\",\"url\":\"https:\\\/\\\/ocdsavila2026.com\\\/it\\\/conduttori-di-preghiera\\\/\",\"name\":\"Animatori di Momenti di Preghiera - OCDS 2026\",\"isPartOf\":{\"@id\":\"https:\\\/\\\/ocdsavila2026.com\\\/it\\\/#website\"},\"primaryImageOfPage\":{\"@id\":\"https:\\\/\\\/ocdsavila2026.com\\\/it\\\/conduttori-di-preghiera\\\/#primaryimage\"},\"image\":{\"@id\":\"https:\\\/\\\/ocdsavila2026.com\\\/it\\\/conduttori-di-preghiera\\\/#primaryimage\"},\"thumbnailUrl\":\"https:\\\/\\\/ocdsavila2026.com\\\/wp-content\\\/uploads\\\/2025\\\/11\\\/got.jpg\",\"datePublished\":\"2025-11-24T18:46:26+00:00\",\"dateModified\":\"2026-01-17T19:54:46+00:00\",\"breadcrumb\":{\"@id\":\"https:\\\/\\\/ocdsavila2026.com\\\/it\\\/conduttori-di-preghiera\\\/#breadcrumb\"},\"inLanguage\":\"it-IT\",\"potentialAction\":[{\"@type\":\"ReadAction\",\"target\":[\"https:\\\/\\\/ocdsavila2026.com\\\/it\\\/conduttori-di-preghiera\\\/\"]}]},{\"@type\":\"ImageObject\",\"inLanguage\":\"it-IT\",\"@id\":\"https:\\\/\\\/ocdsavila2026.com\\\/it\\\/conduttori-di-preghiera\\\/#primaryimage\",\"url\":\"https:\\\/\\\/ocdsavila2026.com\\\/wp-content\\\/uploads\\\/2025\\\/11\\\/got.jpg\",\"contentUrl\":\"https:\\\/\\\/ocdsavila2026.com\\\/wp-content\\\/uploads\\\/2025\\\/11\\\/got.jpg\",\"width\":1164,\"height\":1024},{\"@type\":\"BreadcrumbList\",\"@id\":\"https:\\\/\\\/ocdsavila2026.com\\\/it\\\/conduttori-di-preghiera\\\/#breadcrumb\",\"itemListElement\":[{\"@type\":\"ListItem\",\"position\":1,\"name\":\"Portada\",\"item\":\"https:\\\/\\\/ocdsavila2026.com\\\/it\\\/\"},{\"@type\":\"ListItem\",\"position\":2,\"name\":\"Animatori di Momenti di Preghiera\"}]},{\"@type\":\"WebSite\",\"@id\":\"https:\\\/\\\/ocdsavila2026.com\\\/it\\\/#website\",\"url\":\"https:\\\/\\\/ocdsavila2026.com\\\/it\\\/\",\"name\":\"OCDS 2026\",\"description\":\"Encuentro Mundial OCDS 2026\",\"publisher\":{\"@id\":\"https:\\\/\\\/ocdsavila2026.com\\\/it\\\/#organization\"},\"potentialAction\":[{\"@type\":\"SearchAction\",\"target\":{\"@type\":\"EntryPoint\",\"urlTemplate\":\"https:\\\/\\\/ocdsavila2026.com\\\/it\\\/?s={search_term_string}\"},\"query-input\":{\"@type\":\"PropertyValueSpecification\",\"valueRequired\":true,\"valueName\":\"search_term_string\"}}],\"inLanguage\":\"it-IT\"},{\"@type\":\"Organization\",\"@id\":\"https:\\\/\\\/ocdsavila2026.com\\\/it\\\/#organization\",\"name\":\"Carmelitas descalzos\",\"url\":\"https:\\\/\\\/ocdsavila2026.com\\\/it\\\/\",\"logo\":{\"@type\":\"ImageObject\",\"inLanguage\":\"it-IT\",\"@id\":\"https:\\\/\\\/ocdsavila2026.com\\\/it\\\/#\\\/schema\\\/logo\\\/image\\\/\",\"url\":\"https:\\\/\\\/ocdsavila2026.com\\\/wp-content\\\/uploads\\\/2026\\\/01\\\/logoiberica-scaled-1.png\",\"contentUrl\":\"https:\\\/\\\/ocdsavila2026.com\\\/wp-content\\\/uploads\\\/2026\\\/01\\\/logoiberica-scaled-1.png\",\"width\":2560,\"height\":2560,\"caption\":\"Carmelitas descalzos\"},\"image\":{\"@id\":\"https:\\\/\\\/ocdsavila2026.com\\\/it\\\/#\\\/schema\\\/logo\\\/image\\\/\"}},{\"@type\":\"Person\",\"@id\":\"https:\\\/\\\/ocdsavila2026.com\\\/it\\\/#\\\/schema\\\/person\\\/2770865ae6fdb3363c58c1da8bba1ccd\",\"name\":\"Manoli G\u00f3mez\",\"image\":{\"@type\":\"ImageObject\",\"inLanguage\":\"it-IT\",\"@id\":\"https:\\\/\\\/secure.gravatar.com\\\/avatar\\\/a9bd6d1c481efcf6e004dc512185956e5a21c1eb4831cf5f7fde8ea072e60664?s=96&d=mm&r=g\",\"url\":\"https:\\\/\\\/secure.gravatar.com\\\/avatar\\\/a9bd6d1c481efcf6e004dc512185956e5a21c1eb4831cf5f7fde8ea072e60664?s=96&d=mm&r=g\",\"contentUrl\":\"https:\\\/\\\/secure.gravatar.com\\\/avatar\\\/a9bd6d1c481efcf6e004dc512185956e5a21c1eb4831cf5f7fde8ea072e60664?s=96&d=mm&r=g\",\"caption\":\"Manoli G\u00f3mez\"},\"url\":\"https:\\\/\\\/ocdsavila2026.com\\\/it\\\/author\\\/manoli\\\/\"}]}<\/script>\n<!-- \/ Yoast SEO plugin. -->","yoast_head_json":{"title":"Animatori di Momenti di Preghiera - OCDS 2026","robots":{"index":"index","follow":"follow","max-snippet":"max-snippet:-1","max-image-preview":"max-image-preview:large","max-video-preview":"max-video-preview:-1"},"canonical":"https:\/\/ocdsavila2026.com\/it\/conduttori-di-preghiera\/","og_locale":"it_IT","og_type":"article","og_title":"Animatori di Momenti di Preghiera - OCDS 2026","og_description":"\"L'orazione mentale, secondo me, non \u00e8 altro che cercare di essere amici, spesso stando soli con colui che sappiamo che ci ama\" Santa Teresa di Ges\u00f9 (Vita, cap. 8, 5)","og_url":"https:\/\/ocdsavila2026.com\/it\/conduttori-di-preghiera\/","og_site_name":"OCDS 2026","article_published_time":"2025-11-24T18:46:26+00:00","article_modified_time":"2026-01-17T19:54:46+00:00","og_image":[{"width":1164,"height":1024,"url":"https:\/\/ocdsavila2026.com\/wp-content\/uploads\/2025\/11\/got.jpg","type":"image\/jpeg"}],"author":"Manoli G\u00f3mez","twitter_card":"summary_large_image","twitter_misc":{"Scritto da":"Manoli G\u00f3mez","Tempo di lettura stimato":"3 minuti"},"schema":{"@context":"https:\/\/schema.org","@graph":[{"@type":"Article","@id":"https:\/\/ocdsavila2026.com\/it\/conduttori-di-preghiera\/#article","isPartOf":{"@id":"https:\/\/ocdsavila2026.com\/it\/conduttori-di-preghiera\/"},"author":{"name":"Manoli G\u00f3mez","@id":"https:\/\/ocdsavila2026.com\/it\/#\/schema\/person\/2770865ae6fdb3363c58c1da8bba1ccd"},"headline":"Animatori di Momenti di Preghiera","datePublished":"2025-11-24T18:46:26+00:00","dateModified":"2026-01-17T19:54:46+00:00","mainEntityOfPage":{"@id":"https:\/\/ocdsavila2026.com\/it\/conduttori-di-preghiera\/"},"wordCount":621,"publisher":{"@id":"https:\/\/ocdsavila2026.com\/it\/#organization"},"image":{"@id":"https:\/\/ocdsavila2026.com\/it\/conduttori-di-preghiera\/#primaryimage"},"thumbnailUrl":"https:\/\/ocdsavila2026.com\/wp-content\/uploads\/2025\/11\/got.jpg","articleSection":["NOTIZIE"],"inLanguage":"it-IT"},{"@type":"WebPage","@id":"https:\/\/ocdsavila2026.com\/it\/conduttori-di-preghiera\/","url":"https:\/\/ocdsavila2026.com\/it\/conduttori-di-preghiera\/","name":"Animatori di Momenti di Preghiera - OCDS 2026","isPartOf":{"@id":"https:\/\/ocdsavila2026.com\/it\/#website"},"primaryImageOfPage":{"@id":"https:\/\/ocdsavila2026.com\/it\/conduttori-di-preghiera\/#primaryimage"},"image":{"@id":"https:\/\/ocdsavila2026.com\/it\/conduttori-di-preghiera\/#primaryimage"},"thumbnailUrl":"https:\/\/ocdsavila2026.com\/wp-content\/uploads\/2025\/11\/got.jpg","datePublished":"2025-11-24T18:46:26+00:00","dateModified":"2026-01-17T19:54:46+00:00","breadcrumb":{"@id":"https:\/\/ocdsavila2026.com\/it\/conduttori-di-preghiera\/#breadcrumb"},"inLanguage":"it-IT","potentialAction":[{"@type":"ReadAction","target":["https:\/\/ocdsavila2026.com\/it\/conduttori-di-preghiera\/"]}]},{"@type":"ImageObject","inLanguage":"it-IT","@id":"https:\/\/ocdsavila2026.com\/it\/conduttori-di-preghiera\/#primaryimage","url":"https:\/\/ocdsavila2026.com\/wp-content\/uploads\/2025\/11\/got.jpg","contentUrl":"https:\/\/ocdsavila2026.com\/wp-content\/uploads\/2025\/11\/got.jpg","width":1164,"height":1024},{"@type":"BreadcrumbList","@id":"https:\/\/ocdsavila2026.com\/it\/conduttori-di-preghiera\/#breadcrumb","itemListElement":[{"@type":"ListItem","position":1,"name":"Portada","item":"https:\/\/ocdsavila2026.com\/it\/"},{"@type":"ListItem","position":2,"name":"Animatori di Momenti di Preghiera"}]},{"@type":"WebSite","@id":"https:\/\/ocdsavila2026.com\/it\/#website","url":"https:\/\/ocdsavila2026.com\/it\/","name":"OCDS 2026","description":"Encuentro Mundial OCDS 2026","publisher":{"@id":"https:\/\/ocdsavila2026.com\/it\/#organization"},"potentialAction":[{"@type":"SearchAction","target":{"@type":"EntryPoint","urlTemplate":"https:\/\/ocdsavila2026.com\/it\/?s={search_term_string}"},"query-input":{"@type":"PropertyValueSpecification","valueRequired":true,"valueName":"search_term_string"}}],"inLanguage":"it-IT"},{"@type":"Organization","@id":"https:\/\/ocdsavila2026.com\/it\/#organization","name":"Carmelitas descalzos","url":"https:\/\/ocdsavila2026.com\/it\/","logo":{"@type":"ImageObject","inLanguage":"it-IT","@id":"https:\/\/ocdsavila2026.com\/it\/#\/schema\/logo\/image\/","url":"https:\/\/ocdsavila2026.com\/wp-content\/uploads\/2026\/01\/logoiberica-scaled-1.png","contentUrl":"https:\/\/ocdsavila2026.com\/wp-content\/uploads\/2026\/01\/logoiberica-scaled-1.png","width":2560,"height":2560,"caption":"Carmelitas descalzos"},"image":{"@id":"https:\/\/ocdsavila2026.com\/it\/#\/schema\/logo\/image\/"}},{"@type":"Person","@id":"https:\/\/ocdsavila2026.com\/it\/#\/schema\/person\/2770865ae6fdb3363c58c1da8bba1ccd","name":"Manoli G\u00f3mez","image":{"@type":"ImageObject","inLanguage":"it-IT","@id":"https:\/\/secure.gravatar.com\/avatar\/a9bd6d1c481efcf6e004dc512185956e5a21c1eb4831cf5f7fde8ea072e60664?s=96&d=mm&r=g","url":"https:\/\/secure.gravatar.com\/avatar\/a9bd6d1c481efcf6e004dc512185956e5a21c1eb4831cf5f7fde8ea072e60664?s=96&d=mm&r=g","contentUrl":"https:\/\/secure.gravatar.com\/avatar\/a9bd6d1c481efcf6e004dc512185956e5a21c1eb4831cf5f7fde8ea072e60664?s=96&d=mm&r=g","caption":"Manoli G\u00f3mez"},"url":"https:\/\/ocdsavila2026.com\/it\/author\/manoli\/"}]}},"_links":{"self":[{"href":"https:\/\/ocdsavila2026.com\/it\/wp-json\/wp\/v2\/posts\/2073","targetHints":{"allow":["GET"]}}],"collection":[{"href":"https:\/\/ocdsavila2026.com\/it\/wp-json\/wp\/v2\/posts"}],"about":[{"href":"https:\/\/ocdsavila2026.com\/it\/wp-json\/wp\/v2\/types\/post"}],"author":[{"embeddable":true,"href":"https:\/\/ocdsavila2026.com\/it\/wp-json\/wp\/v2\/users\/918"}],"replies":[{"embeddable":true,"href":"https:\/\/ocdsavila2026.com\/it\/wp-json\/wp\/v2\/comments?post=2073"}],"version-history":[{"count":12,"href":"https:\/\/ocdsavila2026.com\/it\/wp-json\/wp\/v2\/posts\/2073\/revisions"}],"predecessor-version":[{"id":3801,"href":"https:\/\/ocdsavila2026.com\/it\/wp-json\/wp\/v2\/posts\/2073\/revisions\/3801"}],"wp:featuredmedia":[{"embeddable":true,"href":"https:\/\/ocdsavila2026.com\/it\/wp-json\/wp\/v2\/media\/2197"}],"wp:attachment":[{"href":"https:\/\/ocdsavila2026.com\/it\/wp-json\/wp\/v2\/media?parent=2073"}],"wp:term":[{"taxonomy":"category","embeddable":true,"href":"https:\/\/ocdsavila2026.com\/it\/wp-json\/wp\/v2\/categories?post=2073"},{"taxonomy":"post_tag","embeddable":true,"href":"https:\/\/ocdsavila2026.com\/it\/wp-json\/wp\/v2\/tags?post=2073"}],"curies":[{"name":"wp","href":"https:\/\/api.w.org\/{rel}","templated":true}]}}