{"id":4013,"date":"2026-07-02T21:02:16","date_gmt":"2026-07-02T19:02:16","guid":{"rendered":"https:\/\/ocdsavila2026.com\/?p=4013"},"modified":"2026-08-03T22:50:54","modified_gmt":"2026-08-03T20:50:54","slug":"cronache-quotidiane","status":"publish","type":"post","link":"https:\/\/ocdsavila2026.com\/it\/cronache-quotidiane\/","title":{"rendered":"Cronache quotidiane"},"content":{"rendered":"\n<p class=\"has-vivid-red-color has-text-color has-link-color has-medium-font-size wp-elements-1 wp-block-paragraph\"><strong>23 luglio 2026<\/strong><\/p>\n\n\n\n<p class=\"has-text-color has-link-color wp-elements-2 wp-block-paragraph\" style=\"color:#074486\">La prima giornata dell\u2019Incontro Mondiale dell\u2019OCDS ad \u00c1vila \u00e8 stata caratterizzata da un clima di gioia, fraternit\u00e0 e comunione tra partecipanti provenienti da oltre 80 nazioni. Le autorit\u00e0 civili e religiose hanno dato il benvenuto all\u2019assemblea, sottolineando l\u2019importanza del carisma teresiano per la Chiesa e per il mondo. Padre Miguel M\u00e1rquez, Preposito Generale dei Carmelitani Scalzi, ha aperto ufficialmente l\u2019Incontro ricordando che l\u2019Ordine \u00e8 un\u2019unica famiglia composta da frati, monache e laici.<\/p>\n\n\n\n<p class=\"has-text-color has-link-color wp-elements-3 wp-block-paragraph\" style=\"color:#074486\">Durante l\u2019Eucaristia inaugurale, Padre Miguel ha invitato tutti a rinnovare la propria passione per Cristo e a lasciarsi trasformare dal suo amore. Nella sua relazione sull\u2019identit\u00e0 del Carmelitano Secolare ha evidenziato che essa \u00e8 dinamica e si rinnova continuamente attraverso la preghiera, la formazione, il discernimento, l\u2019amicizia e il servizio. Ha inoltre incoraggiato una comunicazione pi\u00f9 autentica, il lavoro di squadra e la corresponsabilit\u00e0, ricordando che il cuore della spiritualit\u00e0 carmelitana \u00e8 \u00ablasciarsi amare\u00bb da Dio.<\/p>\n\n\n\n<p class=\"has-text-color has-link-color wp-elements-4 wp-block-paragraph\" style=\"color:#074486\">Nel pomeriggio, Linda Levi ha approfondito il tema del senso di appartenenza e della corresponsabilit\u00e0 come pilastri della vita comunitaria, mentre Angela Vel ha presentato la formazione iniziale e permanente come un cammino di continua trasformazione in Cristo, fondato sulla preghiera e sul carisma teresiano. La giornata si \u00e8 conclusa con una intensa Adorazione Eucaristica guidata da Padre Luis Jorge Gonz\u00e1lez, invitando tutti a vivere l\u2019esperienza di Santa Teresa: \u00abGuarda Colui che ti guarda\u00bb.<\/p>\n\n\n\n<p class=\"has-text-align-center has-text-color has-link-color wp-elements-5 wp-block-paragraph\" style=\"color:#074486\"><strong>Fai clic sul pulsante arancione per accedere alla cronaca completa.<\/strong><\/p>\n\n\n\n<div class=\"wp-block-buttons is-layout-flex wp-block-buttons-is-layout-flex\">\n<div class=\"wp-block-button has-custom-width wp-block-button__width-50\"><a class=\"wp-block-button__link has-black-color has-text-color has-background has-link-color has-medium-font-size has-custom-font-size wp-element-button\" href=\"https:\/\/drive.google.com\/file\/d\/1-EHZ3Wjsen7V5sX-cOkRE5CEqW-dMBOc\/view?usp=drive_link\" style=\"background:radial-gradient(rgb(252,185,0) 0%,rgb(255,105,0) 100%);box-shadow:var(--wp--preset--shadow--natural)\"><strong>CRONACA \u2013 23 LUGLIO 2026<\/strong><\/a><\/div>\n<\/div>\n\n\n\n<p class=\"wp-block-paragraph\"><\/p>\n\n\n\n<p class=\"has-vivid-red-color has-text-color has-link-color has-medium-font-size wp-elements-6 wp-block-paragraph\"><strong>24 luglio 2026<\/strong><\/p>\n\n\n\n<p class=\"has-text-color has-link-color wp-elements-7 wp-block-paragraph\" style=\"color:#074486\">La seconda giornata dell'Incontro Mondiale dell'Ordine Secolare dei Carmelitani Scalzi (OCDS) \u00e8 stata caratterizzata da un clima di crescente fraternit\u00e0, gioia e comunione tra i partecipanti provenienti da tutti i continenti. La giornata \u00e8 iniziata con la celebrazione della Santa Eucaristia, seguita da due significative conferenze: Padre Alzinir Debastiani, OCD, ha parlato dell'accompagnamento pastorale dell'OCDS, mentre Manuel V\u00e1squez, OCDS (Ecuador), ha sottolineato l'importanza di costruire autentiche comunit\u00e0 teresiane fondate su Cristo, sulla preghiera, sulla fraternit\u00e0 e sulla missione.<\/p>\n\n\n\n<p class=\"has-text-color has-link-color wp-elements-8 wp-block-paragraph\" style=\"color:#074486\">Le Carmelitane Scalze di Puebla (Messico) hanno inviato un commovente messaggio di vicinanza, assicurando la loro costante preghiera per tutti i partecipanti. Il pranzo fraterno e la fotografia di gruppo davanti alle mura di \u00c1vila hanno ulteriormente rafforzato i legami di amicizia e comunione tra i presenti.<\/p>\n\n\n\n<p class=\"has-text-color has-link-color wp-elements-9 wp-block-paragraph\" style=\"color:#074486\">Nel pomeriggio si \u00e8 svolta l'Interazione Culturale dell'OCDS, con canti e danze tradizionali provenienti dalla Polonia, dall'India, dal Brasile, dalle Filippine e dal Messico, intervallati da intensi momenti di danza contemplativa che hanno trasformato la festa in preghiera. La giornata si \u00e8 conclusa con una profonda Ora Santa e l'Adorazione Eucaristica, guidate da Suor Alexandra Triana, OCD, in un clima di silenzio, raccoglimento e rendimento di grazie a Dio per le numerose grazie ricevute durante questa splendida giornata.<\/p>\n\n\n\n<p class=\"has-text-align-center has-text-color has-link-color wp-elements-10 wp-block-paragraph\" style=\"color:#074486\"><strong>Fai clic sul pulsante arancione per accedere alla cronaca completa.<\/strong><\/p>\n\n\n\n<div class=\"wp-block-buttons is-layout-flex wp-block-buttons-is-layout-flex\">\n<div class=\"wp-block-button has-custom-width wp-block-button__width-50\"><a class=\"wp-block-button__link has-black-color has-text-color has-background has-link-color has-medium-font-size has-custom-font-size wp-element-button\" href=\"https:\/\/drive.google.com\/file\/d\/1V-RAoViSzQwAa-btVBo-huBzQRhX_y5k\/view?usp=drive_link\" style=\"background:radial-gradient(rgb(252,185,0) 0%,rgb(255,105,0) 100%);box-shadow:var(--wp--preset--shadow--natural)\"><strong>CRONACA \u2013 24 LUGLIO 2026<\/strong><\/a><\/div>\n<\/div>\n\n\n\n<p class=\"wp-block-paragraph\"><\/p>\n\n\n\n<p class=\"has-vivid-red-color has-text-color has-link-color has-medium-font-size wp-elements-11 wp-block-paragraph\"><strong>25 luglio 2026<\/strong><\/p>\n\n\n\n<p class=\"has-text-color has-link-color wp-elements-12 wp-block-paragraph\" style=\"color:#074486\">Nel terzo giorno dell'Incontro Mondiale dell'OCDS ad \u00c1vila, i partecipanti hanno riflettuto sui tre pilastri fondamentali della vocazione del Carmelo Secolare: preghiera, fraternit\u00e0 e comunione. Zinaha Voahanginiana (Madagascar) ha invitato tutti a scoprire la presenza di Dio nella vita quotidiana attraverso il silenzio e la fedelt\u00e0 alla preghiera. Meg Ramos (Filippine) ha proposto una \u00abfedelt\u00e0 creativa\u00bb capace di rendere vivo il carisma carmelitano nel mondo di oggi mediante una testimonianza autentica. P. Ramiro Casale, OCD, ha esortato l'OCDS a custodire la propria eredit\u00e0 guardando al futuro con speranza e rinnovato slancio missionario. La giornata \u00e8 proseguita con un dialogo con il Preposito Generale e altri religiosi sui risultati del questionario mondiale dell'OCDS. Si \u00e8 conclusa con una intensa adorazione eucaristica e una serata di festa spagnola al CITeS, rafforzando la comunione della famiglia carmelitana <\/p>\n\n\n\n<p class=\"has-text-color has-link-color wp-elements-13 wp-block-paragraph\" style=\"color:#074486\">nel mondo.<\/p>\n\n\n\n<p class=\"has-text-align-center has-text-color has-link-color wp-elements-14 wp-block-paragraph\" style=\"color:#074486\"><strong>Fai clic sul pulsante arancione per accedere alla cronaca completa.<\/strong><\/p>\n\n\n\n<div class=\"wp-block-buttons is-layout-flex wp-block-buttons-is-layout-flex\">\n<div class=\"wp-block-button has-custom-width wp-block-button__width-50\"><a class=\"wp-block-button__link has-black-color has-text-color has-background has-link-color has-medium-font-size has-custom-font-size wp-element-button\" href=\"https:\/\/drive.google.com\/file\/d\/1-iujlJMMVoSMh9TfYuHvCQZI1IybERMo\/view?usp=sharing\" style=\"background:radial-gradient(rgb(252,185,0) 0%,rgb(255,105,0) 100%);box-shadow:var(--wp--preset--shadow--natural)\"><strong>CRONACA \u2013 25 LUGLIO 2026<\/strong><\/a><\/div>\n<\/div>\n\n\n\n<p class=\"wp-block-paragraph\"><\/p>\n\n\n\n<p class=\"has-vivid-red-color has-text-color has-link-color has-medium-font-size wp-elements-15 wp-block-paragraph\"><strong>26 luglio 2026<\/strong><\/p>\n\n\n\n<p class=\"has-text-color has-link-color wp-elements-16 wp-block-paragraph\" style=\"color:#074486\">L\u2019ultima giornata dell\u2019Incontro Mondiale dell\u2019OCDS \u00e8 stata caratterizzata dai pellegrinaggi nei principali luoghi teresiani e si \u00e8 conclusa con la Celebrazione Eucaristica di chiusura nella Cattedrale di \u00c1vila. I partecipanti sono tornati alle loro comunit\u00e0 con un\u2019identit\u00e0 e una missione rinnovate, colmi di gratitudine e del desiderio di condividere con il mondo il carisma del Carmelo.<\/p>\n\n\n\n<p class=\"has-text-align-center has-text-color has-link-color wp-elements-17 wp-block-paragraph\" style=\"color:#074486\"><strong>Fai clic sul pulsante arancione per accedere alla cronaca completa.<\/strong><\/p>\n\n\n\n<p class=\"wp-block-paragraph\"><\/p>\n\n\n\n<div class=\"wp-block-buttons is-layout-flex wp-block-buttons-is-layout-flex\">\n<div class=\"wp-block-button has-custom-width wp-block-button__width-50\"><a class=\"wp-block-button__link has-black-color has-text-color has-background has-link-color has-medium-font-size has-custom-font-size wp-element-button\" href=\"https:\/\/drive.google.com\/file\/d\/1tRbyJxWID73H1hFSYVZb48cBhSF2vexF\/view?usp=drive_link\" style=\"background:radial-gradient(rgb(252,185,0) 0%,rgb(255,105,0) 100%);box-shadow:var(--wp--preset--shadow--natural)\"><strong>CRONACA \u2013 26 LUGLIO 2026<\/strong><\/a><\/div>\n<\/div>\n","protected":false},"excerpt":{"rendered":"<p>Cronache quotidiane dell&#8217;Incontro Internazionale OCDS di \u00c1vila 2026<\/p>\n","protected":false},"author":919,"featured_media":4014,"comment_status":"closed","ping_status":"closed","sticky":false,"template":"","format":"standard","meta":{"footnotes":""},"categories":[155],"tags":[],"class_list":["post-4013","post","type-post","status-publish","format-standard","has-post-thumbnail","hentry","category-notizie"],"yoast_head":"<!-- This site is optimized with the Yoast SEO plugin v28.3 - https:\/\/yoast.com\/product\/yoast-seo-wordpress\/ -->\n<title>Cronache quotidiane - OCDS 2026<\/title>\n<meta name=\"robots\" content=\"index, follow, max-snippet:-1, max-image-preview:large, max-video-preview:-1\" \/>\n<link rel=\"canonical\" href=\"https:\/\/ocdsavila2026.com\/it\/cronache-quotidiane\/\" \/>\n<meta property=\"og:locale\" content=\"it_IT\" \/>\n<meta property=\"og:type\" content=\"article\" \/>\n<meta property=\"og:title\" content=\"Cronache quotidiane - OCDS 2026\" \/>\n<meta property=\"og:description\" content=\"Cronache quotidiane dell&#039;Incontro Internazionale OCDS di \u00c1vila 2026\" \/>\n<meta property=\"og:url\" content=\"https:\/\/ocdsavila2026.com\/it\/cronache-quotidiane\/\" \/>\n<meta property=\"og:site_name\" content=\"OCDS 2026\" \/>\n<meta property=\"article:published_time\" content=\"2026-07-02T19:02:16+00:00\" \/>\n<meta property=\"article:modified_time\" content=\"2026-08-03T20:50:54+00:00\" \/>\n<meta property=\"og:image\" content=\"https:\/\/ocdsavila2026.com\/wp-content\/uploads\/2026\/07\/CRONICAS-ENCUENTRO-2.png\" \/>\n\t<meta property=\"og:image:width\" content=\"1402\" \/>\n\t<meta property=\"og:image:height\" content=\"1122\" \/>\n\t<meta property=\"og:image:type\" content=\"image\/png\" \/>\n<meta name=\"author\" content=\"Pilar Mijares\" \/>\n<meta name=\"twitter:card\" content=\"summary_large_image\" \/>\n<meta name=\"twitter:label1\" content=\"Scritto da\" \/>\n\t<meta name=\"twitter:data1\" content=\"Pilar Mijares\" \/>\n\t<meta name=\"twitter:label2\" content=\"Tempo di lettura stimato\" \/>\n\t<meta name=\"twitter:data2\" content=\"4 minuti\" \/>\n<script type=\"application\/ld+json\" class=\"yoast-schema-graph\">{\"@context\":\"https:\\\/\\\/schema.org\",\"@graph\":[{\"@type\":\"Article\",\"@id\":\"https:\\\/\\\/ocdsavila2026.com\\\/it\\\/cronache-quotidiane\\\/#article\",\"isPartOf\":{\"@id\":\"https:\\\/\\\/ocdsavila2026.com\\\/it\\\/cronache-quotidiane\\\/\"},\"author\":{\"name\":\"Pilar Mijares\",\"@id\":\"https:\\\/\\\/ocdsavila2026.com\\\/it\\\/#\\\/schema\\\/person\\\/ca7c4b2d6c1c7bc85f8f901a032b4d32\"},\"headline\":\"Cronache quotidiane\",\"datePublished\":\"2026-07-02T19:02:16+00:00\",\"dateModified\":\"2026-08-03T20:50:54+00:00\",\"mainEntityOfPage\":{\"@id\":\"https:\\\/\\\/ocdsavila2026.com\\\/it\\\/cronache-quotidiane\\\/\"},\"wordCount\":688,\"publisher\":{\"@id\":\"https:\\\/\\\/ocdsavila2026.com\\\/it\\\/#organization\"},\"image\":{\"@id\":\"https:\\\/\\\/ocdsavila2026.com\\\/it\\\/cronache-quotidiane\\\/#primaryimage\"},\"thumbnailUrl\":\"https:\\\/\\\/ocdsavila2026.com\\\/wp-content\\\/uploads\\\/2026\\\/07\\\/CRONICAS-ENCUENTRO-2.png\",\"articleSection\":[\"NOTIZIE\"],\"inLanguage\":\"it-IT\"},{\"@type\":\"WebPage\",\"@id\":\"https:\\\/\\\/ocdsavila2026.com\\\/it\\\/cronache-quotidiane\\\/\",\"url\":\"https:\\\/\\\/ocdsavila2026.com\\\/it\\\/cronache-quotidiane\\\/\",\"name\":\"Cronache quotidiane - OCDS 2026\",\"isPartOf\":{\"@id\":\"https:\\\/\\\/ocdsavila2026.com\\\/it\\\/#website\"},\"primaryImageOfPage\":{\"@id\":\"https:\\\/\\\/ocdsavila2026.com\\\/it\\\/cronache-quotidiane\\\/#primaryimage\"},\"image\":{\"@id\":\"https:\\\/\\\/ocdsavila2026.com\\\/it\\\/cronache-quotidiane\\\/#primaryimage\"},\"thumbnailUrl\":\"https:\\\/\\\/ocdsavila2026.com\\\/wp-content\\\/uploads\\\/2026\\\/07\\\/CRONICAS-ENCUENTRO-2.png\",\"datePublished\":\"2026-07-02T19:02:16+00:00\",\"dateModified\":\"2026-08-03T20:50:54+00:00\",\"breadcrumb\":{\"@id\":\"https:\\\/\\\/ocdsavila2026.com\\\/it\\\/cronache-quotidiane\\\/#breadcrumb\"},\"inLanguage\":\"it-IT\",\"potentialAction\":[{\"@type\":\"ReadAction\",\"target\":[\"https:\\\/\\\/ocdsavila2026.com\\\/it\\\/cronache-quotidiane\\\/\"]}]},{\"@type\":\"ImageObject\",\"inLanguage\":\"it-IT\",\"@id\":\"https:\\\/\\\/ocdsavila2026.com\\\/it\\\/cronache-quotidiane\\\/#primaryimage\",\"url\":\"https:\\\/\\\/ocdsavila2026.com\\\/wp-content\\\/uploads\\\/2026\\\/07\\\/CRONICAS-ENCUENTRO-2.png\",\"contentUrl\":\"https:\\\/\\\/ocdsavila2026.com\\\/wp-content\\\/uploads\\\/2026\\\/07\\\/CRONICAS-ENCUENTRO-2.png\",\"width\":1402,\"height\":1122},{\"@type\":\"BreadcrumbList\",\"@id\":\"https:\\\/\\\/ocdsavila2026.com\\\/it\\\/cronache-quotidiane\\\/#breadcrumb\",\"itemListElement\":[{\"@type\":\"ListItem\",\"position\":1,\"name\":\"Portada\",\"item\":\"https:\\\/\\\/ocdsavila2026.com\\\/it\\\/\"},{\"@type\":\"ListItem\",\"position\":2,\"name\":\"Cronache quotidiane\"}]},{\"@type\":\"WebSite\",\"@id\":\"https:\\\/\\\/ocdsavila2026.com\\\/it\\\/#website\",\"url\":\"https:\\\/\\\/ocdsavila2026.com\\\/it\\\/\",\"name\":\"OCDS 2026\",\"description\":\"Encuentro Mundial OCDS 2026\",\"publisher\":{\"@id\":\"https:\\\/\\\/ocdsavila2026.com\\\/it\\\/#organization\"},\"potentialAction\":[{\"@type\":\"SearchAction\",\"target\":{\"@type\":\"EntryPoint\",\"urlTemplate\":\"https:\\\/\\\/ocdsavila2026.com\\\/it\\\/?s={search_term_string}\"},\"query-input\":{\"@type\":\"PropertyValueSpecification\",\"valueRequired\":true,\"valueName\":\"search_term_string\"}}],\"inLanguage\":\"it-IT\"},{\"@type\":\"Organization\",\"@id\":\"https:\\\/\\\/ocdsavila2026.com\\\/it\\\/#organization\",\"name\":\"Carmelitas descalzos\",\"url\":\"https:\\\/\\\/ocdsavila2026.com\\\/it\\\/\",\"logo\":{\"@type\":\"ImageObject\",\"inLanguage\":\"it-IT\",\"@id\":\"https:\\\/\\\/ocdsavila2026.com\\\/it\\\/#\\\/schema\\\/logo\\\/image\\\/\",\"url\":\"https:\\\/\\\/ocdsavila2026.com\\\/wp-content\\\/uploads\\\/2026\\\/01\\\/logoiberica-scaled-1.png\",\"contentUrl\":\"https:\\\/\\\/ocdsavila2026.com\\\/wp-content\\\/uploads\\\/2026\\\/01\\\/logoiberica-scaled-1.png\",\"width\":2560,\"height\":2560,\"caption\":\"Carmelitas descalzos\"},\"image\":{\"@id\":\"https:\\\/\\\/ocdsavila2026.com\\\/it\\\/#\\\/schema\\\/logo\\\/image\\\/\"}},{\"@type\":\"Person\",\"@id\":\"https:\\\/\\\/ocdsavila2026.com\\\/it\\\/#\\\/schema\\\/person\\\/ca7c4b2d6c1c7bc85f8f901a032b4d32\",\"name\":\"Pilar Mijares\",\"image\":{\"@type\":\"ImageObject\",\"inLanguage\":\"it-IT\",\"@id\":\"https:\\\/\\\/secure.gravatar.com\\\/avatar\\\/392ebc502797de6506dfac803e3b9b9e882d592f560c21c2526c9bf0d27c9273?s=96&d=mm&r=g\",\"url\":\"https:\\\/\\\/secure.gravatar.com\\\/avatar\\\/392ebc502797de6506dfac803e3b9b9e882d592f560c21c2526c9bf0d27c9273?s=96&d=mm&r=g\",\"contentUrl\":\"https:\\\/\\\/secure.gravatar.com\\\/avatar\\\/392ebc502797de6506dfac803e3b9b9e882d592f560c21c2526c9bf0d27c9273?s=96&d=mm&r=g\",\"caption\":\"Pilar Mijares\"},\"url\":\"https:\\\/\\\/ocdsavila2026.com\\\/it\\\/author\\\/pilar\\\/\"}]}<\/script>\n<!-- \/ Yoast SEO plugin. -->","yoast_head_json":{"title":"Cronache quotidiane - OCDS 2026","robots":{"index":"index","follow":"follow","max-snippet":"max-snippet:-1","max-image-preview":"max-image-preview:large","max-video-preview":"max-video-preview:-1"},"canonical":"https:\/\/ocdsavila2026.com\/it\/cronache-quotidiane\/","og_locale":"it_IT","og_type":"article","og_title":"Cronache quotidiane - OCDS 2026","og_description":"Cronache quotidiane dell'Incontro Internazionale OCDS di \u00c1vila 2026","og_url":"https:\/\/ocdsavila2026.com\/it\/cronache-quotidiane\/","og_site_name":"OCDS 2026","article_published_time":"2026-07-02T19:02:16+00:00","article_modified_time":"2026-08-03T20:50:54+00:00","og_image":[{"width":1402,"height":1122,"url":"https:\/\/ocdsavila2026.com\/wp-content\/uploads\/2026\/07\/CRONICAS-ENCUENTRO-2.png","type":"image\/png"}],"author":"Pilar Mijares","twitter_card":"summary_large_image","twitter_misc":{"Scritto da":"Pilar Mijares","Tempo di lettura stimato":"4 minuti"},"schema":{"@context":"https:\/\/schema.org","@graph":[{"@type":"Article","@id":"https:\/\/ocdsavila2026.com\/it\/cronache-quotidiane\/#article","isPartOf":{"@id":"https:\/\/ocdsavila2026.com\/it\/cronache-quotidiane\/"},"author":{"name":"Pilar Mijares","@id":"https:\/\/ocdsavila2026.com\/it\/#\/schema\/person\/ca7c4b2d6c1c7bc85f8f901a032b4d32"},"headline":"Cronache quotidiane","datePublished":"2026-07-02T19:02:16+00:00","dateModified":"2026-08-03T20:50:54+00:00","mainEntityOfPage":{"@id":"https:\/\/ocdsavila2026.com\/it\/cronache-quotidiane\/"},"wordCount":688,"publisher":{"@id":"https:\/\/ocdsavila2026.com\/it\/#organization"},"image":{"@id":"https:\/\/ocdsavila2026.com\/it\/cronache-quotidiane\/#primaryimage"},"thumbnailUrl":"https:\/\/ocdsavila2026.com\/wp-content\/uploads\/2026\/07\/CRONICAS-ENCUENTRO-2.png","articleSection":["NOTIZIE"],"inLanguage":"it-IT"},{"@type":"WebPage","@id":"https:\/\/ocdsavila2026.com\/it\/cronache-quotidiane\/","url":"https:\/\/ocdsavila2026.com\/it\/cronache-quotidiane\/","name":"Cronache quotidiane - OCDS 2026","isPartOf":{"@id":"https:\/\/ocdsavila2026.com\/it\/#website"},"primaryImageOfPage":{"@id":"https:\/\/ocdsavila2026.com\/it\/cronache-quotidiane\/#primaryimage"},"image":{"@id":"https:\/\/ocdsavila2026.com\/it\/cronache-quotidiane\/#primaryimage"},"thumbnailUrl":"https:\/\/ocdsavila2026.com\/wp-content\/uploads\/2026\/07\/CRONICAS-ENCUENTRO-2.png","datePublished":"2026-07-02T19:02:16+00:00","dateModified":"2026-08-03T20:50:54+00:00","breadcrumb":{"@id":"https:\/\/ocdsavila2026.com\/it\/cronache-quotidiane\/#breadcrumb"},"inLanguage":"it-IT","potentialAction":[{"@type":"ReadAction","target":["https:\/\/ocdsavila2026.com\/it\/cronache-quotidiane\/"]}]},{"@type":"ImageObject","inLanguage":"it-IT","@id":"https:\/\/ocdsavila2026.com\/it\/cronache-quotidiane\/#primaryimage","url":"https:\/\/ocdsavila2026.com\/wp-content\/uploads\/2026\/07\/CRONICAS-ENCUENTRO-2.png","contentUrl":"https:\/\/ocdsavila2026.com\/wp-content\/uploads\/2026\/07\/CRONICAS-ENCUENTRO-2.png","width":1402,"height":1122},{"@type":"BreadcrumbList","@id":"https:\/\/ocdsavila2026.com\/it\/cronache-quotidiane\/#breadcrumb","itemListElement":[{"@type":"ListItem","position":1,"name":"Portada","item":"https:\/\/ocdsavila2026.com\/it\/"},{"@type":"ListItem","position":2,"name":"Cronache quotidiane"}]},{"@type":"WebSite","@id":"https:\/\/ocdsavila2026.com\/it\/#website","url":"https:\/\/ocdsavila2026.com\/it\/","name":"OCDS 2026","description":"Encuentro Mundial OCDS 2026","publisher":{"@id":"https:\/\/ocdsavila2026.com\/it\/#organization"},"potentialAction":[{"@type":"SearchAction","target":{"@type":"EntryPoint","urlTemplate":"https:\/\/ocdsavila2026.com\/it\/?s={search_term_string}"},"query-input":{"@type":"PropertyValueSpecification","valueRequired":true,"valueName":"search_term_string"}}],"inLanguage":"it-IT"},{"@type":"Organization","@id":"https:\/\/ocdsavila2026.com\/it\/#organization","name":"Carmelitas descalzos","url":"https:\/\/ocdsavila2026.com\/it\/","logo":{"@type":"ImageObject","inLanguage":"it-IT","@id":"https:\/\/ocdsavila2026.com\/it\/#\/schema\/logo\/image\/","url":"https:\/\/ocdsavila2026.com\/wp-content\/uploads\/2026\/01\/logoiberica-scaled-1.png","contentUrl":"https:\/\/ocdsavila2026.com\/wp-content\/uploads\/2026\/01\/logoiberica-scaled-1.png","width":2560,"height":2560,"caption":"Carmelitas descalzos"},"image":{"@id":"https:\/\/ocdsavila2026.com\/it\/#\/schema\/logo\/image\/"}},{"@type":"Person","@id":"https:\/\/ocdsavila2026.com\/it\/#\/schema\/person\/ca7c4b2d6c1c7bc85f8f901a032b4d32","name":"Pilar Mijares","image":{"@type":"ImageObject","inLanguage":"it-IT","@id":"https:\/\/secure.gravatar.com\/avatar\/392ebc502797de6506dfac803e3b9b9e882d592f560c21c2526c9bf0d27c9273?s=96&d=mm&r=g","url":"https:\/\/secure.gravatar.com\/avatar\/392ebc502797de6506dfac803e3b9b9e882d592f560c21c2526c9bf0d27c9273?s=96&d=mm&r=g","contentUrl":"https:\/\/secure.gravatar.com\/avatar\/392ebc502797de6506dfac803e3b9b9e882d592f560c21c2526c9bf0d27c9273?s=96&d=mm&r=g","caption":"Pilar Mijares"},"url":"https:\/\/ocdsavila2026.com\/it\/author\/pilar\/"}]}},"_links":{"self":[{"href":"https:\/\/ocdsavila2026.com\/it\/wp-json\/wp\/v2\/posts\/4013","targetHints":{"allow":["GET"]}}],"collection":[{"href":"https:\/\/ocdsavila2026.com\/it\/wp-json\/wp\/v2\/posts"}],"about":[{"href":"https:\/\/ocdsavila2026.com\/it\/wp-json\/wp\/v2\/types\/post"}],"author":[{"embeddable":true,"href":"https:\/\/ocdsavila2026.com\/it\/wp-json\/wp\/v2\/users\/919"}],"replies":[{"embeddable":true,"href":"https:\/\/ocdsavila2026.com\/it\/wp-json\/wp\/v2\/comments?post=4013"}],"version-history":[{"count":7,"href":"https:\/\/ocdsavila2026.com\/it\/wp-json\/wp\/v2\/posts\/4013\/revisions"}],"predecessor-version":[{"id":4551,"href":"https:\/\/ocdsavila2026.com\/it\/wp-json\/wp\/v2\/posts\/4013\/revisions\/4551"}],"wp:featuredmedia":[{"embeddable":true,"href":"https:\/\/ocdsavila2026.com\/it\/wp-json\/wp\/v2\/media\/4014"}],"wp:attachment":[{"href":"https:\/\/ocdsavila2026.com\/it\/wp-json\/wp\/v2\/media?parent=4013"}],"wp:term":[{"taxonomy":"category","embeddable":true,"href":"https:\/\/ocdsavila2026.com\/it\/wp-json\/wp\/v2\/categories?post=4013"},{"taxonomy":"post_tag","embeddable":true,"href":"https:\/\/ocdsavila2026.com\/it\/wp-json\/wp\/v2\/tags?post=4013"}],"curies":[{"name":"wp","href":"https:\/\/api.w.org\/{rel}","templated":true}]}}